{"id":938,"date":"2024-02-14T13:51:21","date_gmt":"2024-02-14T13:51:21","guid":{"rendered":"https:\/\/een.is\/?p=907"},"modified":"2024-04-28T10:10:33","modified_gmt":"2024-04-28T10:10:33","slug":"opid-fyrir-umsoknir-a-styrkjum-til-orkunytingar-ad-upphaed-10-000-evrur","status":"publish","type":"post","link":"https:\/\/een.is\/en\/opid-fyrir-umsoknir-a-styrkjum-til-orkunytingar-ad-upphaed-10-000-evrur\/","title":{"rendered":"Opi\u00f0 fyrir ums\u00f3knir \u00e1 styrkjum til orkun\u00fdtingar a\u00f0 upph\u00e6\u00f0 10.000 Evrur"},"content":{"rendered":"<p>EENergy er verkefni styrkt af Evr\u00f3pusambandinu sem veitir 900 x 10.000 Evru styrk til fyrirt\u00e6kja um alla Evr\u00f3pu til a\u00f0 innlei\u00f0a r\u00e1\u00f0stafanir til a\u00f0 draga \u00far orkunotkun og \u00fear me\u00f0 kolefnisf\u00f3tspori s\u00ednu.<\/p>\n\n\n\n<p>Styrkurinn er \u00e6tla\u00f0ur litlum og me\u00f0alst\u00f3rum fyrirt\u00e6kjum og er eing\u00f6ngu veittur til verkefna til a\u00f0 b\u00e6ta orkun\u00fdtingu.<\/p>\n\n\n\n<p>Styrkupph\u00e6\u00f0 er a\u00f0 h\u00e1marki 10.000 Evrur. Alls eru 900 styrkir \u00ed bo\u00f0i yfir tveggja \u00e1ra t\u00edmabil.<\/p>\n\n\n\n<p>S\u00f3tt er um styrkinn \u00e1 vefs\u00ed\u00f0u verkefnisins: <a href=\"http:\/\/www.eenergy-project.eu\" rel=\"noreferrer noopener\" target=\"_blank\">www.eenergy-project.eu<\/a>. \u00cd ums\u00f3kn \u00feurfa a\u00f0 koma fram:<\/p>\n\n\n\n<ul class=\"wp-block-list\">\n<li>n\u00e1kv\u00e6mar uppl\u00fdsingar um fyrirt\u00e6ki\u00f0 \u00feitt<\/li>\n\n\n\n<li>hva\u00f0a orkun\u00fdtingarumb\u00e6tur skal gera<\/li>\n\n\n\n<li>umfang m\u00f6gulegra umb\u00f3ta (kostna\u00f0ar\u00e1\u00e6tlun)<\/li>\n<\/ul>\n\n\n\n<p>Allir ums\u00e6kjendur sem uppfylla grunnskilyr\u00f0i verkefnisins eiga jafna m\u00f6guleika og er vali\u00f0 af handah\u00f3fi \u00far \u00f6llum ums\u00f3knum.<\/p>\n\n\n\n<p><strong>Ums\u00f3knarfrestur<\/strong><\/p>\n\n\n\n<p>Fyrir n\u00e1nari uppl\u00fdsingar vinsamlegast haf\u00f0u samband vi\u00f0 sj\u00e1lfb\u00e6rnir\u00e1\u00f0gjafa hj\u00e1 Enterprise Europe Network \u00e1 \u00cdslandi \u00e1 netfanginu sigthrudur.gudnadottir@rannis.is. H\u00e6gt er a\u00f0 n\u00e1lgast n\u00e1nari uppl\u00fdsingar og s\u00e6kja um til 15. apr\u00edl 2024 \u00ed gegnum vefs\u00ed\u00f0u verkefnisins <a href=\"https:\/\/eenergy-project.eu\/\" rel=\"noreferrer noopener\" target=\"_blank\">https:\/\/eenergy-project.eu\/<\/a>.<\/p>","protected":false},"excerpt":{"rendered":"<p>EENergy er verkefni styrkt af Evr\u00f3pusambandinu sem veitir 900 x 10.000 Evru styrk til fyrirt\u00e6kja um alla Evr\u00f3pu til a\u00f0 innlei\u00f0a r\u00e1\u00f0stafanir til a\u00f0 draga \u00far orkunotkun og \u00fear me\u00f0 [&hellip;]<\/p>\n","protected":false},"author":4,"featured_media":948,"comment_status":"closed","ping_status":"open","sticky":false,"template":"","format":"standard","meta":{"_acf_changed":false,"footnotes":""},"categories":[13],"tags":[],"class_list":["post-938","post","type-post","status-publish","format-standard","has-post-thumbnail","hentry","category-frettir"],"acf":[],"_links":{"self":[{"href":"https:\/\/een.is\/en\/wp-json\/wp\/v2\/posts\/938","targetHints":{"allow":["GET"]}}],"collection":[{"href":"https:\/\/een.is\/en\/wp-json\/wp\/v2\/posts"}],"about":[{"href":"https:\/\/een.is\/en\/wp-json\/wp\/v2\/types\/post"}],"author":[{"embeddable":true,"href":"https:\/\/een.is\/en\/wp-json\/wp\/v2\/users\/4"}],"replies":[{"embeddable":true,"href":"https:\/\/een.is\/en\/wp-json\/wp\/v2\/comments?post=938"}],"version-history":[{"count":0,"href":"https:\/\/een.is\/en\/wp-json\/wp\/v2\/posts\/938\/revisions"}],"wp:featuredmedia":[{"embeddable":true,"href":"https:\/\/een.is\/en\/wp-json\/wp\/v2\/media\/948"}],"wp:attachment":[{"href":"https:\/\/een.is\/en\/wp-json\/wp\/v2\/media?parent=938"}],"wp:term":[{"taxonomy":"category","embeddable":true,"href":"https:\/\/een.is\/en\/wp-json\/wp\/v2\/categories?post=938"},{"taxonomy":"post_tag","embeddable":true,"href":"https:\/\/een.is\/en\/wp-json\/wp\/v2\/tags?post=938"}],"curies":[{"name":"wp","href":"https:\/\/api.w.org\/{rel}","templated":true}]}}