{"id":936,"date":"2022-05-06T15:23:47","date_gmt":"2022-05-06T15:23:47","guid":{"rendered":"https:\/\/een.is\/?p=742"},"modified":"2022-05-06T15:23:47","modified_gmt":"2022-05-06T15:23:47","slug":"fyrirtaekjastefnumot-a-islensku-sjavarutvegssyningunni","status":"publish","type":"post","link":"https:\/\/een.is\/en\/fyrirtaekjastefnumot-a-islensku-sjavarutvegssyningunni\/","title":{"rendered":"Fyrirt\u00e6kjastefnum\u00f3t \u00e1 \u00cdslensku sj\u00e1var\u00fatvegss\u00fdningunni"},"content":{"rendered":"<figure class=\"wp-block-image size-full\"><img decoding=\"async\" width=\"272\" height=\"110\" src=\"https:\/\/een.is\/wp-content\/uploads\/2022\/05\/icefish_8-9jun_2022.png\" alt=\"\" class=\"wp-image-743\" srcset=\"https:\/\/een.is\/wp-content\/uploads\/2022\/05\/icefish_8-9jun_2022.png 272w, https:\/\/een.is\/wp-content\/uploads\/2022\/05\/icefish_8-9jun_2022-18x7.png 18w\" sizes=\"(max-width: 272px) 100vw, 272px\" \/><\/figure>\n\n\n\n<p>Styrki\u00f0 tengslanet ykkar \u00ed sj\u00e1var\u00fatveginum me\u00f0 \u00fev\u00ed a\u00f0 taka \u00fe\u00e1tt \u00ed fyrirt\u00e6kjastefnum\u00f3ti \u00e1 vegum\u00a0<a rel=\"noreferrer noopener\" href=\"https:\/\/een.is\/en\/\" target=\"_blank\">Enterprise Europe Network \u00e1 \u00cdslandi<\/a>\u00a0sem haldi\u00f0 ver\u00f0ur \u00feann 8. og 9. j\u00fan\u00ed nk. \u00e1\u00a0<a rel=\"noreferrer noopener\" href=\"https:\/\/www.worldfishing.net\/islenska-sjavarutvegss%C3%BDningin\" target=\"_blank\">\u00cdslensku sj\u00e1var\u00fatvegss\u00fdningunni.<\/a>\u00a0\u00a0<\/p>\n\n\n\n<p><a href=\"https:\/\/icefish2022.b2match.io\/\" data-type=\"URL\" data-id=\"https:\/\/icefish2022.b2match.io\/\" target=\"_blank\" rel=\"noopener\">Skr\u00e1ning<\/a><\/p>\n\n\n\n<p>\u00c1 s\u00ed\u00f0ustu s\u00fdningu \u00e1ri\u00f0 2017 var \u00fe\u00e1tttaka og \u00e1rangur af fyrirt\u00e6kjastefnum\u00f3tinu afar g\u00f3\u00f0, en yfir 90 \u00fe\u00e1tttakendur fr\u00e1 24 l\u00f6ndum \u00e1ttu yfir 100 vi\u00f0skiptafundi.<br><\/p>\n\n\n\n<p><strong>Skr\u00e1ning og \u00fe\u00e1tttaka er a\u00f0 kostna\u00f0arlausu.<\/strong><strong><\/strong><\/p>\n\n\n\n<p><strong>Hvers vegna a\u00f0 taka \u00fe\u00e1tt?<\/strong><br>Fyrirt\u00e6kjastefnum\u00f3ti\u00f0 er g\u00f3\u00f0 lei\u00f0 til a\u00f0 st\u00e6kka tengslaneti\u00f0 og hitta n\u00fdja vi\u00f0skiptavini. \u00cd \u00fe\u00e1ttt\u00f6ku felst:<\/p>\n\n\n\n<ul class=\"wp-block-list\"><li>Aukinn s\u00fdnileiki \u00fe\u00edns fyrirt\u00e6kis<\/li><li>Auki\u00f0 a\u00f0gengi a\u00f0 fj\u00f6lda fyrirt\u00e6kja og hagsmuna\u00f0ilum<\/li><li>Markvissir og stuttir fundir sem eru valdir og sta\u00f0festir fyrirfram<\/li><\/ul>\n\n\n\n<p><strong>Hva\u00f0a a\u00f0ilar munu taka \u00fe\u00e1tt?<\/strong><br>Vi\u00f0bur\u00f0urinn er \u00e6tla\u00f0ur fyrirt\u00e6kjum, kl\u00f6sum og hagsmunaa\u00f0ilum \u00ed greininni, m.a. \u00ed tengslum vi\u00f0 fiskvei\u00f0ar, fiskeldi, vinnslu, marka\u00f0sm\u00e1l og dreifingu og flutning \u00e1 sj\u00f3.<\/p>\n\n\n\n<p><strong>Hvernig \u00e1 a\u00f0 skr\u00e1 sig?<\/strong><br>\u00c1hugas\u00f6m fyrirt\u00e6ki og stofnanir eru hv\u00f6tt til a\u00f0 skr\u00e1 sig sem fyrst:<\/p>\n\n\n\n<p><a href=\"https:\/\/icefish2022.b2match.io\/\" data-type=\"URL\" data-id=\"https:\/\/icefish2022.b2match.io\/\" target=\"_blank\" rel=\"noopener\">Skr\u00e1ning<\/a><\/p>\n\n\n\n<p><\/p>","protected":false},"excerpt":{"rendered":"<p>Styrki\u00f0 tengslanet ykkar \u00ed sj\u00e1var\u00fatveginum me\u00f0 \u00fev\u00ed a\u00f0 taka \u00fe\u00e1tt \u00ed fyrirt\u00e6kjastefnum\u00f3ti \u00e1 vegum\u00a0Enterprise Europe Network \u00e1 \u00cdslandi\u00a0sem haldi\u00f0 ver\u00f0ur \u00feann 8. og 9. j\u00fan\u00ed nk. \u00e1\u00a0\u00cdslensku sj\u00e1var\u00fatvegss\u00fdningunni.\u00a0\u00a0 Skr\u00e1ning \u00c1 [&hellip;]<\/p>\n","protected":false},"author":4,"featured_media":0,"comment_status":"closed","ping_status":"open","sticky":false,"template":"","format":"standard","meta":{"_acf_changed":false,"footnotes":""},"categories":[15],"tags":[],"class_list":["post-936","post","type-post","status-publish","format-standard","hentry","category-oflokkad"],"acf":[],"_links":{"self":[{"href":"https:\/\/een.is\/en\/wp-json\/wp\/v2\/posts\/936","targetHints":{"allow":["GET"]}}],"collection":[{"href":"https:\/\/een.is\/en\/wp-json\/wp\/v2\/posts"}],"about":[{"href":"https:\/\/een.is\/en\/wp-json\/wp\/v2\/types\/post"}],"author":[{"embeddable":true,"href":"https:\/\/een.is\/en\/wp-json\/wp\/v2\/users\/4"}],"replies":[{"embeddable":true,"href":"https:\/\/een.is\/en\/wp-json\/wp\/v2\/comments?post=936"}],"version-history":[{"count":0,"href":"https:\/\/een.is\/en\/wp-json\/wp\/v2\/posts\/936\/revisions"}],"wp:attachment":[{"href":"https:\/\/een.is\/en\/wp-json\/wp\/v2\/media?parent=936"}],"wp:term":[{"taxonomy":"category","embeddable":true,"href":"https:\/\/een.is\/en\/wp-json\/wp\/v2\/categories?post=936"},{"taxonomy":"post_tag","embeddable":true,"href":"https:\/\/een.is\/en\/wp-json\/wp\/v2\/tags?post=936"}],"curies":[{"name":"wp","href":"https:\/\/api.w.org\/{rel}","templated":true}]}}