{"id":935,"date":"2021-01-11T14:12:36","date_gmt":"2021-01-11T14:12:36","guid":{"rendered":"http:\/\/een.is\/?p=424"},"modified":"2024-04-28T10:38:36","modified_gmt":"2024-04-28T10:38:36","slug":"enterprise-europe-network-a-islandi-flyst-til-rannis","status":"publish","type":"post","link":"https:\/\/een.is\/en\/enterprise-europe-network-a-islandi-flyst-til-rannis\/","title":{"rendered":"Enterprise Europe Network \u00e1 \u00cdslandi flyst til Rann\u00eds"},"content":{"rendered":"<p>Fr\u00e1 og me\u00f0 1. jan\u00faar 2021 flyst ums\u00fdsla me\u00f0 Enterprise Europe Network \u00e1 \u00cdslandi til Rann\u00eds fr\u00e1 N\u00fdsk\u00f6punarmi\u00f0st\u00f6\u00f0 \u00cdslands (NM\u00cd). <\/p>\n\n\n\n<p>Tveir af \u00feeim s\u00e9rfr\u00e6\u00f0ingum sem hafa st\u00fdrt starfi Enterprise Europe Network h\u00f3fu st\u00f6rf hj\u00e1 Rann\u00eds \u00feann 1. jan\u00faar sl., <a href=\"http:\/\/een.is\/en\/um-okkur\/\">Katr\u00edn J\u00f3nsd\u00f3ttir<\/a> og <a href=\"http:\/\/een.is\/en\/um-okkur\/\">Mj\u00f6ll Waldorff<\/a>. \u00dej\u00f3nusta og s\u00e9r\u00feekking tengd Enterprise Europe Network fellur vel a\u00f0 \u00feeim stu\u00f0ningi vi\u00f0 fyrirt\u00e6ki og samstarfi h\u00e1sk\u00f3la og ranns\u00f3knastofnana sem \u00feegar er til sta\u00f0ar hj\u00e1 Rann\u00eds og mun flutningurinn efla og styrkja \u00fej\u00f3nustu og r\u00e1\u00f0gj\u00f6f Rann\u00eds til frumkv\u00f6\u00f0la og fyrirt\u00e6kja.<\/p>","protected":false},"excerpt":{"rendered":"<p>Fr\u00e1 og me\u00f0 1. jan\u00faar 2021 flyst ums\u00fdsla me\u00f0 Enterprise Europe Network \u00e1 \u00cdslandi til Rann\u00eds fr\u00e1 N\u00fdsk\u00f6punarmi\u00f0st\u00f6\u00f0 \u00cdslands (NM\u00cd). Tveir af \u00feeim s\u00e9rfr\u00e6\u00f0ingum sem hafa st\u00fdrt starfi Enterprise Europe [&hellip;]<\/p>\n","protected":false},"author":4,"featured_media":939,"comment_status":"closed","ping_status":"open","sticky":false,"template":"","format":"standard","meta":{"_acf_changed":false,"footnotes":""},"categories":[13],"tags":[],"class_list":["post-935","post","type-post","status-publish","format-standard","has-post-thumbnail","hentry","category-frettir"],"acf":[],"_links":{"self":[{"href":"https:\/\/een.is\/en\/wp-json\/wp\/v2\/posts\/935","targetHints":{"allow":["GET"]}}],"collection":[{"href":"https:\/\/een.is\/en\/wp-json\/wp\/v2\/posts"}],"about":[{"href":"https:\/\/een.is\/en\/wp-json\/wp\/v2\/types\/post"}],"author":[{"embeddable":true,"href":"https:\/\/een.is\/en\/wp-json\/wp\/v2\/users\/4"}],"replies":[{"embeddable":true,"href":"https:\/\/een.is\/en\/wp-json\/wp\/v2\/comments?post=935"}],"version-history":[{"count":0,"href":"https:\/\/een.is\/en\/wp-json\/wp\/v2\/posts\/935\/revisions"}],"wp:featuredmedia":[{"embeddable":true,"href":"https:\/\/een.is\/en\/wp-json\/wp\/v2\/media\/939"}],"wp:attachment":[{"href":"https:\/\/een.is\/en\/wp-json\/wp\/v2\/media?parent=935"}],"wp:term":[{"taxonomy":"category","embeddable":true,"href":"https:\/\/een.is\/en\/wp-json\/wp\/v2\/categories?post=935"},{"taxonomy":"post_tag","embeddable":true,"href":"https:\/\/een.is\/en\/wp-json\/wp\/v2\/tags?post=935"}],"curies":[{"name":"wp","href":"https:\/\/api.w.org\/{rel}","templated":true}]}}