{"id":934,"date":"2019-05-24T13:33:43","date_gmt":"2019-05-24T13:33:43","guid":{"rendered":"http:\/\/een.is\/?p=351"},"modified":"2024-04-28T10:42:12","modified_gmt":"2024-04-28T10:42:12","slug":"nyskopunarkraftur-islenskra-fyrirtaekja-er-a-heimsmaelikvarda","status":"publish","type":"post","link":"https:\/\/een.is\/en\/nyskopunarkraftur-islenskra-fyrirtaekja-er-a-heimsmaelikvarda\/","title":{"rendered":"N\u00fdsk\u00f6punarkraftur \u00edslenskra fyrirt\u00e6kja er \u00e1 heimsm\u00e6likvar\u00f0a"},"content":{"rendered":"<p>N\u00fa \u00e1 d\u00f6gum skipulag\u00f0i \u00edslenska skrifstofa Enterprise Europe Network me\u00f0 belg\u00edsku Enterprise Europe Network skrifstofunni fyrirt\u00e6kjaheims\u00f3kn nokkurra belg\u00edskra fyrirt\u00e6kja til \u00cdslands. Megin markmi\u00f0 heims\u00f3knar var a\u00f0 s\u00e6kja innbl\u00e1stur til fyrirt\u00e6kja \u00e1 \u00cdslandi sem hafa or\u00f0 \u00e1 s\u00e9r a\u00f0 vera g\u00e6dd miklum n\u00fdsk\u00f6punarkrafti. Sett var upp heims\u00f3kn til 11 fyrirt\u00e6kja og hj\u00e1 hverju og einu var t\u00edmi gefinn fyrir kynningu, umr\u00e6\u00f0ur og jafnvel fundi. \u00cd heims\u00f3kn til N\u00fdsk\u00f6punarmi\u00f0st\u00f6\u00f0var, kom Helga D\u00f6gg fr\u00e1 <strong data-id=\"urn:li:company:18904223\" data-mentionworkflowid=\"mn3Y2p1dTnuSjeiLk13JSg==\">Atmonia<\/strong>\u00a0til a\u00f0 tala um \u00feeirra verkefni, <strong>Selective Humans<\/strong> spjalla\u00f0i vi\u00f0 h\u00f3pinn um hugmyndina s\u00edna sem sn\u00fdr me\u00f0al annars a\u00f0 \u00fev\u00ed a\u00f0 uppl\u00fdsa neytendur n\u00e1nar um innihald matvara \u00ed innkaupum.\u00a0<strong data-id=\"urn:li:company:5105596\" data-mentionworkflowid=\"f3cEHgBuSI2qeIQlzWnp8g==\">DTE<\/strong>\u00a0r\u00f6lti me\u00f0 \u00feau \u00ed gegnum \u00feeirra skrifstofur. S\u00ed\u00f0an t\u00f3ku\u00a0<strong data-id=\"urn:li:company:1668809\" data-mentionworkflowid=\"5Whyw9yYTZShSsbbUwpBGA==\">Solid Clouds<\/strong>\u00a0 m\u00f3ti \u00feeim \u00e1 Seltjarnarnesi\u00f0 til a\u00f0 kynna \u00feau fyrir verkefninu Starborne t\u00f6lvuleiknum. Heims\u00f3knirnar munu vonandi opna \u00e1 frekari m\u00f6guleika hj\u00e1 b\u00e1\u00f0um a\u00f0ilum og fylgjumst vi\u00f0 spennt me\u00f0 framhaldinu.\u00a0 Enterprise Europe Network skipuleggur fyrirt\u00e6kjaheims\u00f3knir me\u00f0 s\u00ednum vi\u00f0skiptavinum \u00fev\u00ed \u00fe\u00e6r bera \u00e1rangur \u00fev\u00ed vi\u00f0 sj\u00e1um til \u00feess a\u00f0 sameiginlegur \u00e1vinningur beggja a\u00f0ila s\u00e9 \u00ed fyrirr\u00fami. Traust vi\u00f0skiptasamb\u00f6nd er a\u00f0alatri\u00f0i\u00f0 h\u00e9r \u00e1samt v\u00ed\u00f0u tengslaneti.<\/p>\n<p><img fetchpriority=\"high\" decoding=\"async\" class=\"size-medium wp-image-352 alignleft\" src=\"http:\/\/een.is\/wp-content\/uploads\/2019\/05\/20190515_094846-300x169.jpg\" alt=\"\" width=\"300\" height=\"169\" srcset=\"https:\/\/een.is\/wp-content\/uploads\/2019\/05\/20190515_094846-300x169.jpg 300w, https:\/\/een.is\/wp-content\/uploads\/2019\/05\/20190515_094846-1024x576.jpg 1024w, https:\/\/een.is\/wp-content\/uploads\/2019\/05\/20190515_094846-768x432.jpg 768w, https:\/\/een.is\/wp-content\/uploads\/2019\/05\/20190515_094846-1536x864.jpg 1536w, https:\/\/een.is\/wp-content\/uploads\/2019\/05\/20190515_094846-2048x1152.jpg 2048w, https:\/\/een.is\/wp-content\/uploads\/2019\/05\/20190515_094846-18x10.jpg 18w\" sizes=\"(max-width: 300px) 100vw, 300px\" \/> <img decoding=\"async\" class=\"size-medium wp-image-353 alignleft\" src=\"http:\/\/een.is\/wp-content\/uploads\/2019\/05\/20190515_094857-300x169.jpg\" alt=\"\" width=\"300\" height=\"169\" srcset=\"https:\/\/een.is\/wp-content\/uploads\/2019\/05\/20190515_094857-300x169.jpg 300w, https:\/\/een.is\/wp-content\/uploads\/2019\/05\/20190515_094857-1024x576.jpg 1024w, https:\/\/een.is\/wp-content\/uploads\/2019\/05\/20190515_094857-768x432.jpg 768w, https:\/\/een.is\/wp-content\/uploads\/2019\/05\/20190515_094857-1536x864.jpg 1536w, https:\/\/een.is\/wp-content\/uploads\/2019\/05\/20190515_094857-2048x1152.jpg 2048w, https:\/\/een.is\/wp-content\/uploads\/2019\/05\/20190515_094857-18x10.jpg 18w\" sizes=\"(max-width: 300px) 100vw, 300px\" \/> <img decoding=\"async\" class=\"size-medium wp-image-355 alignleft\" src=\"http:\/\/een.is\/wp-content\/uploads\/2019\/05\/20190515_110145-300x169.jpg\" alt=\"\" width=\"300\" height=\"169\" srcset=\"https:\/\/een.is\/wp-content\/uploads\/2019\/05\/20190515_110145-300x169.jpg 300w, https:\/\/een.is\/wp-content\/uploads\/2019\/05\/20190515_110145-1024x576.jpg 1024w, https:\/\/een.is\/wp-content\/uploads\/2019\/05\/20190515_110145-768x432.jpg 768w, https:\/\/een.is\/wp-content\/uploads\/2019\/05\/20190515_110145-1536x864.jpg 1536w, https:\/\/een.is\/wp-content\/uploads\/2019\/05\/20190515_110145-2048x1152.jpg 2048w, https:\/\/een.is\/wp-content\/uploads\/2019\/05\/20190515_110145-18x10.jpg 18w\" sizes=\"(max-width: 300px) 100vw, 300px\" \/><\/p>","protected":false},"excerpt":{"rendered":"<p>N\u00fa \u00e1 d\u00f6gum skipulag\u00f0i \u00edslenska skrifstofa Enterprise Europe Network me\u00f0 belg\u00edsku Enterprise Europe Network skrifstofunni fyrirt\u00e6kjaheims\u00f3kn nokkurra belg\u00edskra fyrirt\u00e6kja til \u00cdslands. Megin markmi\u00f0 heims\u00f3knar var a\u00f0 s\u00e6kja innbl\u00e1stur til fyrirt\u00e6kja [&hellip;]<\/p>\n","protected":false},"author":4,"featured_media":356,"comment_status":"closed","ping_status":"open","sticky":false,"template":"","format":"standard","meta":{"_acf_changed":false,"footnotes":""},"categories":[13],"tags":[],"class_list":["post-934","post","type-post","status-publish","format-standard","has-post-thumbnail","hentry","category-frettir"],"acf":[],"_links":{"self":[{"href":"https:\/\/een.is\/en\/wp-json\/wp\/v2\/posts\/934","targetHints":{"allow":["GET"]}}],"collection":[{"href":"https:\/\/een.is\/en\/wp-json\/wp\/v2\/posts"}],"about":[{"href":"https:\/\/een.is\/en\/wp-json\/wp\/v2\/types\/post"}],"author":[{"embeddable":true,"href":"https:\/\/een.is\/en\/wp-json\/wp\/v2\/users\/4"}],"replies":[{"embeddable":true,"href":"https:\/\/een.is\/en\/wp-json\/wp\/v2\/comments?post=934"}],"version-history":[{"count":0,"href":"https:\/\/een.is\/en\/wp-json\/wp\/v2\/posts\/934\/revisions"}],"wp:featuredmedia":[{"embeddable":true,"href":"https:\/\/een.is\/en\/wp-json\/wp\/v2\/media\/356"}],"wp:attachment":[{"href":"https:\/\/een.is\/en\/wp-json\/wp\/v2\/media?parent=934"}],"wp:term":[{"taxonomy":"category","embeddable":true,"href":"https:\/\/een.is\/en\/wp-json\/wp\/v2\/categories?post=934"},{"taxonomy":"post_tag","embeddable":true,"href":"https:\/\/een.is\/en\/wp-json\/wp\/v2\/tags?post=934"}],"curies":[{"name":"wp","href":"https:\/\/api.w.org\/{rel}","templated":true}]}}