{"id":933,"date":"2019-03-28T16:01:39","date_gmt":"2019-03-28T16:01:39","guid":{"rendered":"http:\/\/een.is\/?p=344"},"modified":"2024-04-28T10:44:02","modified_gmt":"2024-04-28T10:44:02","slug":"tengsl-vid-erlenda-vidskiptaadila-skilvirk-leid-sem-skilar-arangri","status":"publish","type":"post","link":"https:\/\/een.is\/en\/tengsl-vid-erlenda-vidskiptaadila-skilvirk-leid-sem-skilar-arangri\/","title":{"rendered":"Tengsl vi\u00f0 erlenda vi\u00f0skiptaa\u00f0ila &#8211; skilvirk lei\u00f0 sem skilar \u00e1rangri"},"content":{"rendered":"<p>\u00cd <a href=\"https:\/\/een.ec.europa.eu\/partners\" target=\"_blank\" rel=\"noopener\">gagnagrunni<\/a> Enterprise Europe Network m\u00e1 finna \u00fdmis t\u00e6kif\u00e6ri sem geta auki\u00f0 samkeppnish\u00e6fni \u00fe\u00edns fyrirt\u00e6kis. Gagnagrunnur Enterprise Europe Network er st\u00e6rsti sinnar tegundar \u00ed Evr\u00f3pu og er uppf\u00e6r\u00f0ur me\u00f0 n\u00fdjum t\u00e6kif\u00e6rum vikulega.<\/p>\n<p>Hvort sem fyrirt\u00e6ki eru \u00ed leit a\u00f0 samstarfsa\u00f0ilum \u00ed ranns\u00f3knarverkefni e\u00f0a vilja komast \u00ed samband vi\u00f0 umbo\u00f0s, &#8211; s\u00f6lu e\u00f0a samstarfsa\u00f0ila utan um v\u00f6rur e\u00f0a \u00fej\u00f3nustu \u00e1, getur Enterprise Europe Network a\u00f0sto\u00f0a\u00f0 eftir bestu getu.<\/p>\n<p>Til a\u00f0 leita \u00ed <a href=\"https:\/\/een.ec.europa.eu\/partners\" target=\"_blank\" rel=\"noopener\">gagnagrunninum<\/a> er <strong>leitaror\u00f0 slegi\u00f0 inn og svo haka\u00f0 vi\u00f0 vi\u00f0eigandi svi\u00f0 til a\u00f0 f\u00e1 sem besta ni\u00f0urst\u00f6\u00f0u<\/strong>. Ef \u00fe\u00fa finnur \u00e1hugavert samstarfst\u00e6kif\u00e6ri \u00fe\u00e1 skaltu l\u00e1ta <a href=\"http:\/\/een.is\/en\/um-okkur\/\">starfsf\u00f3lk<\/a> Enterprise Europe Network \u00e1 \u00cdslandi vita svo h\u00e6gt s\u00e9 a\u00f0 fylgja leitinni \u00e1 eftir, eins geta \u00feeir a\u00f0sto\u00f0a\u00f0 vi\u00f0 leit \u00ed gagnagrunninum.<\/p>\n<p><a href=\"http:\/\/reon.engineering\/\" target=\"_blank\" rel=\"noopener\">ReonEngineering<\/a> n\u00fdtti \u00feessa \u00fej\u00f3nustu Enterprise Europe Network um daginn me\u00f0 g\u00f3\u00f0um \u00e1rangri.<\/p>\n<figure id=\"attachment_346\" aria-describedby=\"caption-attachment-346\" style=\"width: 300px\" class=\"wp-caption alignright\"><a href=\"http:\/\/een.is\/en\/samstarfsleit\/\"><img fetchpriority=\"high\" decoding=\"async\" class=\"wp-image-346 size-medium\" src=\"http:\/\/een.is\/wp-content\/uploads\/2019\/03\/Reon_Tech_teymi\u00f0-300x225.jpg\" alt=\"\" width=\"300\" height=\"225\" \/><\/a><figcaption id=\"caption-attachment-346\" class=\"wp-caption-text\">ReonEngineering teymi\u00f0 n\u00fdtti s\u00e9r samstarfsleit Enterprise Europe Network \u00e1 \u00cdslandi<\/figcaption><\/figure>\n<p>Enterprise Europe Network \u00e1tti samtal vi\u00f0 \u00edslenska fyrirt\u00e6ki\u00f0 ReonEngineering um hva\u00f0a \u00fej\u00f3nustu Enterprise Europe Network g\u00e6ti bo\u00f0i\u00f0 \u00feeim.\u00a0 Eftir nokkra fundi og t\u00f6lvup\u00f3sta vi\u00f0 Enterprise Europe Network Netverki\u00f0 var komist a\u00f0 \u00feeirri ni\u00f0urst\u00f6\u00f0u a\u00f0 ReonEngineering g\u00e6ti n\u00fdtt s\u00e9r samstarfsleit Enterprise Europe Network, Fyrirt\u00e6kinu vanta\u00f0i samstarfsa\u00f0ila \u00ed \u00de\u00fdskalandi \u00fat af ranns\u00f3knarverkefni sem var \u00ed vinnslu. Starfsf\u00f3lk netverksins h\u00f3f leit \u00ed gagnagrunni Enterprise Europe Network a\u00f0 r\u00e9ttum a\u00f0ilum. \u00c1rangur leitarinnar var ar\u00f0b\u00e6r og fundust tveir a\u00f0ilar \u00ed \u00de\u00fdskalandi sem sv\u00f6ru\u00f0u kr\u00f6fum ReonEngineering. Haft var samband vi\u00f0 samstarfsa\u00f0ila Netverksins \u00ed \u00de\u00fdskalandi, tengili\u00f0i \u00feeirra sem ReonEngineering vildi komast \u00ed samband vi\u00f0. Samstarfsa\u00f0ilar Netverksins komu s\u00ed\u00f0an fyrirt\u00e6kjunum \u00ed beint samband vi\u00f0 hvort anna\u00f0 til a\u00f0 sko\u00f0a samstarfsm\u00f6guleika og m\u00f6guleg samleg\u00f0ar\u00e1hrif. \u00cd framhaldi \u00e1ttu \u00feau fund um m\u00f6gulegt samstarf og \u00far var\u00f0 vi\u00f0skiptasamband sem vonandi ver\u00f0ur til framt\u00ed\u00f0ar.<\/p>\n<p><img decoding=\"async\" class=\"alignleft size-medium wp-image-347\" src=\"http:\/\/een.is\/wp-content\/uploads\/2019\/03\/achievement-agreement-body-language-1179804-300x176.jpg\" alt=\"\" width=\"300\" height=\"176\" \/><\/p>\n<p>Netverki\u00f0 hefur \u00fe\u00e1 kosti a\u00f0 hafa sta\u00f0bundna samstarfsa\u00f0ila sem geta haft beint samband vi\u00f0 fyrirt\u00e6ki sem s\u00f3tt er eftir samtarfi vi\u00f0. Eins b\u00fdr netverki\u00f0 yfir vi\u00f0amiklum gagnagrunni af vi\u00f0skiptat\u00e6kif\u00e6rum sem h\u00e6gt er a\u00f0 leita \u00ed eftir samstarfi.<\/p>\n<p>Haf\u00f0u endilega samband vi\u00f0 <a href=\"http:\/\/een.is\/en\/um-okkur\/\">Enterprise Europe Network<\/a> til a\u00f0 f\u00e1 n\u00e1nari uppl\u00fdsingar og\/e\u00f0a a\u00f0sto\u00f0.<\/p>","protected":false},"excerpt":{"rendered":"<p>\u00cd gagnagrunni Enterprise Europe Network m\u00e1 finna \u00fdmis t\u00e6kif\u00e6ri sem geta auki\u00f0 samkeppnish\u00e6fni \u00fe\u00edns fyrirt\u00e6kis. Gagnagrunnur Enterprise Europe Network er st\u00e6rsti sinnar tegundar \u00ed Evr\u00f3pu og er uppf\u00e6r\u00f0ur me\u00f0 n\u00fdjum [&hellip;]<\/p>\n","protected":false},"author":4,"featured_media":345,"comment_status":"closed","ping_status":"open","sticky":false,"template":"","format":"standard","meta":{"_acf_changed":false,"footnotes":""},"categories":[13],"tags":[],"class_list":["post-933","post","type-post","status-publish","format-standard","has-post-thumbnail","hentry","category-frettir"],"acf":[],"_links":{"self":[{"href":"https:\/\/een.is\/en\/wp-json\/wp\/v2\/posts\/933","targetHints":{"allow":["GET"]}}],"collection":[{"href":"https:\/\/een.is\/en\/wp-json\/wp\/v2\/posts"}],"about":[{"href":"https:\/\/een.is\/en\/wp-json\/wp\/v2\/types\/post"}],"author":[{"embeddable":true,"href":"https:\/\/een.is\/en\/wp-json\/wp\/v2\/users\/4"}],"replies":[{"embeddable":true,"href":"https:\/\/een.is\/en\/wp-json\/wp\/v2\/comments?post=933"}],"version-history":[{"count":0,"href":"https:\/\/een.is\/en\/wp-json\/wp\/v2\/posts\/933\/revisions"}],"wp:featuredmedia":[{"embeddable":true,"href":"https:\/\/een.is\/en\/wp-json\/wp\/v2\/media\/345"}],"wp:attachment":[{"href":"https:\/\/een.is\/en\/wp-json\/wp\/v2\/media?parent=933"}],"wp:term":[{"taxonomy":"category","embeddable":true,"href":"https:\/\/een.is\/en\/wp-json\/wp\/v2\/categories?post=933"},{"taxonomy":"post_tag","embeddable":true,"href":"https:\/\/een.is\/en\/wp-json\/wp\/v2\/tags?post=933"}],"curies":[{"name":"wp","href":"https:\/\/api.w.org\/{rel}","templated":true}]}}