{"id":923,"date":"2024-03-20T11:40:38","date_gmt":"2024-03-20T11:40:38","guid":{"rendered":"https:\/\/een.is\/?p=923"},"modified":"2024-05-22T11:56:37","modified_gmt":"2024-05-22T11:56:37","slug":"fyrirtaekjastefnumot-a-jardvarmaradstefnu","status":"publish","type":"post","link":"https:\/\/een.is\/en\/fyrirtaekjastefnumot-a-jardvarmaradstefnu\/","title":{"rendered":"Fyrirt\u00e6kjastefnum\u00f3t \u00e1 jar\u00f0varmar\u00e1\u00f0stefnu, IGC 2024"},"content":{"rendered":"<div data-elementor-type=\"wp-post\" data-elementor-id=\"923\" class=\"elementor elementor-923\" data-elementor-post-type=\"post\">\n\t\t\t\t<div class=\"elementor-element elementor-element-518517b6 e-flex e-con-boxed e-con e-parent\" data-id=\"518517b6\" data-element_type=\"container\" data-e-type=\"container\">\n\t\t\t\t\t<div class=\"e-con-inner\">\n\t\t\t\t<div class=\"elementor-element elementor-element-34d1c327 elementor-widget elementor-widget-text-editor\" data-id=\"34d1c327\" data-element_type=\"widget\" data-e-type=\"widget\" data-widget_type=\"text-editor.default\">\n\t\t\t\t<div class=\"elementor-widget-container\">\n\t\t\t\t\t\t\t\t\t<p><\/p>\n<p>Enterprise Europe Network heldur fyrirt\u00e6kjastefnum\u00f3t \u00ed tengslum vi\u00f0 jar\u00f0varmar\u00e1\u00f0stefnuna, <a title=\"Iceland Geothermal Conference 2024\" href=\"https:\/\/igc.is\/\" target=\"_blank\" rel=\"noopener\">Iceland Geothermal Conference 2024<\/a>, IGC, \u00ed H\u00f6rpu 30. ma\u00ed 2024. Orkuklasinn hefur veg og vanda af r\u00e1\u00f0stefnuhaldinu, en h\u00fan er a\u00f0 jafna\u00f0i haldin \u00e1 2-3 \u00e1ra fresti. \u00deetta er \u00ed fimmta sinn sem h\u00fan er haldin h\u00e9r \u00e1 landi og er r\u00e1\u00f0stefnan \u00feegar or\u00f0in einn helsti umr\u00e6\u00f0uvettvangur jar\u00f0varma og endurn\u00fdjanlegrar orku \u00ed heiminum \u00ed dag. Dagskr\u00e1na m\u00e1 n\u00e1lgast <a title=\"h\u00e9r.\" href=\"https:\/\/igc.is\/program\/\" target=\"_blank\" rel=\"noopener\">h\u00e9r.<\/a><\/p>\n<p><\/p>\n<p><\/p>\n<p><strong style=\"text-align: var(--text-align); color: var( --e-global-color-text ); font-family: var( --e-global-typography-text-font-family ), Sans-serif; font-size: var( --e-global-typography-text-font-size ); background-color: var( --e-global-color-b5a68fe );\">Fyrirt\u00e6kjastefnum\u00f3t er kj\u00f6rinn vettvangur til a\u00f0:<\/strong><\/p>\n<p><\/p>\n<p><\/p>\n<ul class=\"wp-block-list\">\n<li style=\"list-style-type: none;\">\n<ul><\/ul>\n<\/li>\n<\/ul>\n<ul>\n<li style=\"list-style-type: none;\">\n<ul>\n<li>eiga \u00e1rangursr\u00edka fundi me\u00f0 m\u00f6gulegum vi\u00f0skiptaa\u00f0ilum<\/li>\n<\/ul>\n<\/li>\n<\/ul>\n<p><\/p>\n<p><\/p>\n<ul>\n<li style=\"list-style-type: none;\">\n<ul>\n<li>koma \u00feekkingu, v\u00f6rum og \u00fej\u00f3nustu \u00e1 framf\u00e6ri<\/li>\n<\/ul>\n<\/li>\n<\/ul>\n<p><\/p>\n<p><\/p>\n<ul>\n<li style=\"list-style-type: none;\">\n<ul>\n<li>eiga samtal vi\u00f0 a\u00f0ila til a\u00f0 \u00fer\u00f3a \u00e1fram verkefni<\/li>\n<\/ul>\n<\/li>\n<\/ul>\n<p><\/p>\n<p><\/p>\n<ul>\n<li style=\"list-style-type: none;\">\n<ul>\n<li>stofna til vi\u00f0skiptasambanda til langframa<\/li>\n<\/ul>\n<\/li>\n<\/ul>\n<p><\/p>\n<p><\/p>\n<ul>\n<li style=\"list-style-type: none;\">\n<ul>\n<li>styrkja tengslaneti\u00f0<\/li>\n<\/ul>\n<\/li>\n<\/ul>\n<p><\/p>\n<p><\/p>\n<p><\/p>\n<p><\/p>\n<p><\/p>\n<p><strong>Hver fundur er einungis 20 m\u00edn\u00fatur<\/strong> svo fundirnir ver\u00f0i skilvirkir og \u00e1rangursr\u00edkir.<\/p>\n<p><\/p>\n<p><\/p>\n<p>Vi\u00f0bur\u00f0urinn er \u00e6tla\u00f0ur \u00fe\u00e1tttakendum og s\u00fdnendum IGC 2024 jar\u00f0varmar\u00e1\u00f0stefnunnar.<\/p>\n<p><\/p>\n<p><\/p>\n<p><strong>Fyrirt\u00e6kjastefnum\u00f3ti\u00f0 er gjaldfrj\u00e1lst og er s\u00e9rst\u00f6k skr\u00e1ning \u00e1 vi\u00f0bur\u00f0inn \u00ed gegnum vefs\u00ed\u00f0u IGC r\u00e1\u00f0stefnunnar.<\/strong> <strong><a title=\"Skr\u00e1ning\" href=\"https:\/\/igc.is\/program\/b2b-matchmaking\/\" target=\"_blank\" rel=\"noopener\">SKR\u00c1NING<\/a><\/strong><\/p>\n<p>Skr\u00e1ning \u00e1 vi\u00f0bur\u00f0inn er au\u00f0veld og fundars\u00ed\u00f0an er einf\u00f6ld \u00ed notkun. Einnig er h\u00e6gt a\u00f0 n\u00e1lgast app (b2match) sem heldur utan um vi\u00f0skiptasamb\u00f6ndin og fundarb\u00f3kanir. H\u00e6gt er a\u00f0 horfa \u00e1 myndband um fyrirt\u00e6kjastefnum\u00f3t <a title=\"h\u00e9r \u00e1 vefs\u00ed\u00f0u EEN.\" href=\"https:\/\/een.is\/en\/fyrirtaekjastefnumot\/\" target=\"_blank\" rel=\"noopener\">h\u00e9r \u00e1 vefs\u00ed\u00f0u EEN.<\/a><\/p>\n<p><\/p>\n<p><\/p>\n<p><strong>Vi\u00f0bur\u00f0inn er haldinn \u00ed t\u00f3nlistar- og r\u00e1\u00f0stefnuh\u00fasinu <strong>H\u00f6rpu,<\/strong> fimmtudaginn 30. ma\u00ed 2024<\/strong><\/p>\n<p><\/p>\n<p><\/p>\n<p>Vi\u00f0 hvetjum alla \u00fe\u00e1tttakendur \u00e1 r\u00e1\u00f0stefnunni sem hafa \u00e1huga \u00e1 n\u00fdjum vi\u00f0skiptatengslum e\u00f0a vilja eiga \u00f3formlegt spjall vi\u00f0 \u00e1hugaver\u00f0 fyrirt\u00e6ki a\u00f0 skr\u00e1 sig \u00e1 fyrirt\u00e6kjastefnum\u00f3ti\u00f0 og taka \u00fe\u00e1tt \u00ed \u00feessum vi\u00f0bur\u00f0i.<\/p>\n<p><\/p>\n<p><\/p>\n&#8212;&#8212;&#8212;&#8212;&#8212;&#8212;&#8212;&#8212;&#8212;&#8212;&#8211;\n<p><\/p>\n<p><\/p>\n<p>Enterprise Europe Network a\u00f0sto\u00f0ar fyrirt\u00e6ki a\u00f0 vaxa \u00e1 al\u00fej\u00f3\u00f0avettvangi me\u00f0 s\u00e9rsni\u00f0inni \u00fej\u00f3nustu og stu\u00f0ningi. Fyrirt\u00e6kjastefnum\u00f3t er hluti af \u00fev\u00ed.<br>\u00cd samvinnu vi\u00f0 samstarfsa\u00f0ila \u00ed netverkinu \u00ed Evr\u00f3pu og r\u00e1\u00f0stefnuhaldara, skipuleggjum vi\u00f0 fyrirt\u00e6kjastefnum\u00f3t \u00e1 fj\u00f6lbreyttum r\u00e1\u00f0stefnum b\u00e6\u00f0i h\u00e9r \u00e1 landi og erlendis. Vi\u00f0 tryggjum a\u00f0 gagnkv\u00e6mur \u00e1vinningur og eftirfylgni s\u00e9 \u00ed fyrirr\u00fami. Traust vi\u00f0skiptatengsl eru lykillinn \u00e1samt brei\u00f0u netverki.<\/p>\n<p><\/p>\t\t\t\t\t\t\t\t<\/div>\n\t\t\t\t<\/div>\n\t\t\t\t\t<\/div>\n\t\t\t\t<\/div>\n\t\t\t\t<\/div>","protected":false},"excerpt":{"rendered":"<p>Enterprise Europe Network heldur fyrirt\u00e6kjastefnum\u00f3t \u00ed tengslum vi\u00f0 jar\u00f0varmar\u00e1\u00f0stefnuna, Iceland Geothermal Conference 2024, IGC, \u00ed H\u00f6rpu 30. ma\u00ed 2024. Orkuklasinn hefur veg og vanda af r\u00e1\u00f0stefnuhaldinu, en h\u00fan er a\u00f0 [&hellip;]<\/p>\n","protected":false},"author":4,"featured_media":1016,"comment_status":"closed","ping_status":"open","sticky":false,"template":"","format":"standard","meta":{"_acf_changed":false,"footnotes":""},"categories":[13],"tags":[24,25,23],"class_list":["post-923","post","type-post","status-publish","format-standard","has-post-thumbnail","hentry","category-frettir","tag-b2bmatchmaking","tag-eencanhelp","tag-geothermal"],"acf":[],"_links":{"self":[{"href":"https:\/\/een.is\/en\/wp-json\/wp\/v2\/posts\/923","targetHints":{"allow":["GET"]}}],"collection":[{"href":"https:\/\/een.is\/en\/wp-json\/wp\/v2\/posts"}],"about":[{"href":"https:\/\/een.is\/en\/wp-json\/wp\/v2\/types\/post"}],"author":[{"embeddable":true,"href":"https:\/\/een.is\/en\/wp-json\/wp\/v2\/users\/4"}],"replies":[{"embeddable":true,"href":"https:\/\/een.is\/en\/wp-json\/wp\/v2\/comments?post=923"}],"version-history":[{"count":9,"href":"https:\/\/een.is\/en\/wp-json\/wp\/v2\/posts\/923\/revisions"}],"predecessor-version":[{"id":1744,"href":"https:\/\/een.is\/en\/wp-json\/wp\/v2\/posts\/923\/revisions\/1744"}],"wp:featuredmedia":[{"embeddable":true,"href":"https:\/\/een.is\/en\/wp-json\/wp\/v2\/media\/1016"}],"wp:attachment":[{"href":"https:\/\/een.is\/en\/wp-json\/wp\/v2\/media?parent=923"}],"wp:term":[{"taxonomy":"category","embeddable":true,"href":"https:\/\/een.is\/en\/wp-json\/wp\/v2\/categories?post=923"},{"taxonomy":"post_tag","embeddable":true,"href":"https:\/\/een.is\/en\/wp-json\/wp\/v2\/tags?post=923"}],"curies":[{"name":"wp","href":"https:\/\/api.w.org\/{rel}","templated":true}]}}