{"id":880,"date":"2023-08-22T11:48:24","date_gmt":"2023-08-22T11:48:24","guid":{"rendered":"https:\/\/een.is\/?p=880"},"modified":"2024-04-28T10:16:23","modified_gmt":"2024-04-28T10:16:23","slug":"sjalfbaerni-til-vaxtar","status":"publish","type":"post","link":"https:\/\/een.is\/en\/sjalfbaerni-til-vaxtar\/","title":{"rendered":"Sj\u00e1lfb\u00e6rni til vaxtar"},"content":{"rendered":"<p>Sj\u00e1lfb\u00e6r \u00fer\u00f3un er mikilv\u00e6gt m\u00e1lefni samf\u00e9lagsins alls. \u00deetta m\u00e1lefni snertir heims\u00fej\u00f3\u00f0ina og a\u00f0kallandi a\u00f0 allar \u00fej\u00f3\u00f0ir vinni saman a\u00f0 sj\u00e1lfb\u00e6rni \u00e1 \u00f6llum svi\u00f0um. Mikilv\u00e6gt er a\u00f0 n\u00e1 skj\u00f3tum \u00e1rangri til a\u00f0 sporna vi\u00f0 hl\u00fdnun jar\u00f0ar og vernda vistkerfi\u00f0. \u00dea\u00f0 er al\u00fej\u00f3\u00f0legt vi\u00f0fangsefni og miki\u00f0 \u00ed h\u00fafi a\u00f0 \u00fej\u00f3\u00f0ir heims taki h\u00f6ndum saman og vinni a\u00f0 sj\u00e1lfb\u00e6rni \u00e1 \u00f6llum v\u00edgst\u00f6\u00f0vum. Umhverfis- og loftslagsm\u00e1lin eru \u00fear efst \u00e1 bla\u00f0i og gr\u00ed\u00f0arlega mikilv\u00e6gt fyrir mannkyn allt a\u00f0 skj\u00f3tum \u00e1rangri ver\u00f0i n\u00e1\u00f0 til a\u00f0 st\u00f6\u00f0va hl\u00fdnun jar\u00f0ar og var\u00f0veislu mikilv\u00e6gra vistkerfa. En sj\u00e1lfb\u00e6rni \u00fearf einnig a\u00f0 snerna efnhags-, f\u00e9lags-, og samf\u00e9lagslega.<br>Enterprise Europe Network b\u00fd\u00f0ur litlum og me\u00f0alst\u00f3rum fyrirt\u00e6kjum a\u00f0 meta sj\u00e1lfb\u00e6rni st\u00f6\u00f0u s\u00edna og mi\u00f0a hana vi\u00f0 \u00f6nnur fyrirt\u00e6ki \u00ed sama geira \u00ed Evr\u00f3pu. Teymi\u00f0 notar greiningart\u00f3l IMP3rove og nefnist \u00fea\u00f0 Corporate Sustainability Navigator. Ni\u00f0urst\u00f6\u00f0ur t\u00f3lsins eru s\u00ed\u00f0an r\u00e6ddar vi\u00f0 vi\u00f0komandi fyrirt\u00e6ki me\u00f0 \u00fea\u00f0 a\u00f0 markmi\u00f0i a\u00f0 styrkja samkeppnish\u00e6fni fyrirt\u00e6kisins \u00e1 al\u00fej\u00f3\u00f0legum marka\u00f0i. Hvert fyrirt\u00e6ki f\u00e6r s\u00e9rsni\u00f0na sk\u00fdrslu bygg\u00f0a \u00e1 ni\u00f0urst\u00f6\u00f0um greiningart\u00f3lsins og umr\u00e6\u00f0um sem \u00fear kviknu\u00f0u. Mikilv\u00e6gt er a\u00f0 teymi\u00f0 sem kemur \u00ed mati\u00f0 s\u00e9 fj\u00f6lbreytt til a\u00f0 f\u00e1 \u00e1rei\u00f0anlegar ni\u00f0urst\u00f6\u00f0ur. Sem d\u00e6mi m\u00e1 nefna hugb\u00fana\u00f0arfyrirt\u00e6ki sem hefur a\u00f0 geyma stofnanda, forritara og rekstrara\u00f0ila. Best v\u00e6ri a\u00f0 f\u00e1 alla \u00feessa a\u00f0ila til a\u00f0 svara spurningalista greiningart\u00f3lsins.<\/p>\n\n\n\n<p><a href=\"https:\/\/een.is\/en\/um-okkur\/\" title=\"\">Haf\u00f0u samband<\/a> vi\u00f0 Enterprise Europe Network og b\u00f3ka\u00f0u fund.<\/p>\n\n\n\n<figure class=\"wp-block-image size-full\"><img fetchpriority=\"high\" decoding=\"async\" width=\"934\" height=\"472\" src=\"https:\/\/een.is\/wp-content\/uploads\/2023\/08\/sustainability_analytical-tool_improve.png\" alt=\"\" class=\"wp-image-881\" srcset=\"https:\/\/een.is\/wp-content\/uploads\/2023\/08\/sustainability_analytical-tool_improve.png 934w, https:\/\/een.is\/wp-content\/uploads\/2023\/08\/sustainability_analytical-tool_improve-300x152.png 300w, https:\/\/een.is\/wp-content\/uploads\/2023\/08\/sustainability_analytical-tool_improve-768x388.png 768w, https:\/\/een.is\/wp-content\/uploads\/2023\/08\/sustainability_analytical-tool_improve-18x9.png 18w\" sizes=\"(max-width: 934px) 100vw, 934px\" \/><\/figure>","protected":false},"excerpt":{"rendered":"<p>Sj\u00e1lfb\u00e6r \u00fer\u00f3un er mikilv\u00e6gt m\u00e1lefni samf\u00e9lagsins alls. \u00deetta m\u00e1lefni snertir heims\u00fej\u00f3\u00f0ina og a\u00f0kallandi a\u00f0 allar \u00fej\u00f3\u00f0ir vinni saman a\u00f0 sj\u00e1lfb\u00e6rni \u00e1 \u00f6llum svi\u00f0um. Mikilv\u00e6gt er a\u00f0 n\u00e1 skj\u00f3tum \u00e1rangri til [&hellip;]<\/p>\n","protected":false},"author":4,"featured_media":882,"comment_status":"closed","ping_status":"open","sticky":false,"template":"","format":"standard","meta":{"_acf_changed":false,"footnotes":""},"categories":[13],"tags":[],"class_list":["post-880","post","type-post","status-publish","format-standard","has-post-thumbnail","hentry","category-frettir"],"acf":[],"_links":{"self":[{"href":"https:\/\/een.is\/en\/wp-json\/wp\/v2\/posts\/880","targetHints":{"allow":["GET"]}}],"collection":[{"href":"https:\/\/een.is\/en\/wp-json\/wp\/v2\/posts"}],"about":[{"href":"https:\/\/een.is\/en\/wp-json\/wp\/v2\/types\/post"}],"author":[{"embeddable":true,"href":"https:\/\/een.is\/en\/wp-json\/wp\/v2\/users\/4"}],"replies":[{"embeddable":true,"href":"https:\/\/een.is\/en\/wp-json\/wp\/v2\/comments?post=880"}],"version-history":[{"count":0,"href":"https:\/\/een.is\/en\/wp-json\/wp\/v2\/posts\/880\/revisions"}],"wp:featuredmedia":[{"embeddable":true,"href":"https:\/\/een.is\/en\/wp-json\/wp\/v2\/media\/882"}],"wp:attachment":[{"href":"https:\/\/een.is\/en\/wp-json\/wp\/v2\/media?parent=880"}],"wp:term":[{"taxonomy":"category","embeddable":true,"href":"https:\/\/een.is\/en\/wp-json\/wp\/v2\/categories?post=880"},{"taxonomy":"post_tag","embeddable":true,"href":"https:\/\/een.is\/en\/wp-json\/wp\/v2\/tags?post=880"}],"curies":[{"name":"wp","href":"https:\/\/api.w.org\/{rel}","templated":true}]}}