{"id":854,"date":"2023-07-05T12:59:27","date_gmt":"2023-07-05T12:59:27","guid":{"rendered":"https:\/\/een.is\/?p=854"},"modified":"2024-04-30T13:15:15","modified_gmt":"2024-04-30T13:15:15","slug":"driftline-faer-eurostars-styrk","status":"publish","type":"post","link":"https:\/\/een.is\/en\/driftline-faer-eurostars-styrk\/","title":{"rendered":"Driftline f\u00e6r Eurostars styrk"},"content":{"rendered":"<div data-elementor-type=\"wp-post\" data-elementor-id=\"854\" class=\"elementor elementor-854\" data-elementor-post-type=\"post\">\n\t\t\t\t<div class=\"elementor-element elementor-element-7dac0dff e-flex e-con-boxed e-con e-parent\" data-id=\"7dac0dff\" data-element_type=\"container\" data-e-type=\"container\">\n\t\t\t\t\t<div class=\"e-con-inner\">\n\t\t\t\t<div class=\"elementor-element elementor-element-6b59fa79 elementor-widget elementor-widget-text-editor\" data-id=\"6b59fa79\" data-element_type=\"widget\" data-e-type=\"widget\" data-widget_type=\"text-editor.default\">\n\t\t\t\t<div class=\"elementor-widget-container\">\n\t\t\t\t\t\t\t\t\t<p><\/p>\n<p>Driftline hitti Enterprise Europe Network (EEN) fyrst \u00e1ri\u00f0 2021 til a\u00f0 r\u00e6\u00f0a um n\u00e6stu skref fyrir fyrirt\u00e6ki\u00f0. Fyrirt\u00e6ki\u00f0 haf\u00f0i um nokkra hr\u00ed\u00f0 stunda\u00f0 ranns\u00f3knir \u00e1 verkefni s\u00ednu \u00ed samstarfi vi\u00f0 \u00edslenskan h\u00e1sk\u00f3la en \u00feurfti n\u00fana a\u00f0 skala \u00fe\u00e6r upp. \u00deeir h\u00f6f\u00f0u mikinn \u00e1huga \u00e1 samstarfi vi\u00f0 erlendar ranns\u00f3knarstofnanir e\u00f0a h\u00e1sk\u00f3la. Netverki\u00f0 ger\u00f0i me\u00f0 \u00feeim <a href=\"https:\/\/een.is\/en\/samstarfsleit\/\" target=\"_blank\" rel=\"noreferrer noopener\">pr\u00f3f\u00edl <\/a>og honum hla\u00f0i\u00f0 inn \u00ed gagnagrunn netverksins. Pr\u00f3f\u00edllinn \u00feeirra f\u00e9kk gr\u00ed\u00f0arlegan \u00e1huga alls sta\u00f0ar a\u00f0 \u00far heiminum. \u00dar var\u00f0 s\u00ed\u00f0an samstarf \u00e1 milli Driftline og svissneskts ranns\u00f3knafyrirt\u00e6kis sem s\u00e9rh\u00e6fir sig \u00ed \u00f6rt\u00e6kni og stafr\u00e6nni heilsut\u00e6kni\u00fer\u00f3un. \u00deessi tv\u00f6 fyrirt\u00e6ki s\u00f3ttu saman um Eurostars styrkinn. N\u00fa s\u00ed\u00f0ast kom netverki\u00f0 \u00feeim inn \u00ed samstarf undir Erasmus + og er s\u00fa vinna enn \u00ed gangi.<\/p>\n<p><\/p>\n<p><\/p>\n<p>Driftline er gott d\u00e6mi um fyrirt\u00e6ki sem hefur n\u00fdtt s\u00e9r n\u00fdsk\u00f6punarumhverfi\u00f0 h\u00e9r \u00e1 \u00cdslandi vel og afrakstur \u00feess s\u00fdnilegur.<\/p>\n<p><\/p>\n<p><\/p>\n<p>Enterprise Europe Network kappkostar vi\u00f0 a\u00f0 a\u00f0sto\u00f0a fyrirt\u00e6ki \u00fear sem \u00feau eru st\u00f6dd \u00ed sinni n\u00fdsk\u00f6pun og tekur me\u00f0 \u00feeim n\u00e6sta skref.<\/p>\n<p><\/p>\n<p><\/p>\n<p>\u00cd tilfelli Driftline hefur \u00fea\u00f0 fyrirt\u00e6ki veri\u00f0 \u00ed samskiptum vi\u00f0 netverki\u00f0 me\u00f0 hin \u00fdmsu m\u00e1l hvort sem \u00ed gegnum fundi e\u00f0a s\u00edmtal. \u00dea\u00f0 er \u00feannig sem netverki\u00f0 k\u00fds a\u00f0 vinna. (client &#8211; centric approach)<\/p>\n<p><\/p>\n<p><\/p>\n<figure class=\"wp-block-image size-large\"><a href=\"https:\/\/een.is\/en\/thjonusta\/\"><img fetchpriority=\"high\" decoding=\"async\" width=\"1024\" height=\"640\" class=\"wp-image-856\" src=\"https:\/\/een.is\/wp-content\/uploads\/2023\/07\/image-1-1024x640.png\" alt=\"\" srcset=\"https:\/\/een.is\/wp-content\/uploads\/2023\/07\/image-1-1024x640.png 1024w, https:\/\/een.is\/wp-content\/uploads\/2023\/07\/image-1-300x187.png 300w, https:\/\/een.is\/wp-content\/uploads\/2023\/07\/image-1-768x480.png 768w, https:\/\/een.is\/wp-content\/uploads\/2023\/07\/image-1-18x12.png 18w, https:\/\/een.is\/wp-content\/uploads\/2023\/07\/image-1.png 1039w\" sizes=\"(max-width: 1024px) 100vw, 1024px\" \/><\/a><\/figure>\n<p><\/p>\n<p><\/p>\n<p>\u00a0<\/p>\n<p><\/p>\n<p><\/p>\n<p><\/p>\t\t\t\t\t\t\t\t<\/div>\n\t\t\t\t<\/div>\n\t\t\t\t\t<\/div>\n\t\t\t\t<\/div>\n\t\t\t\t<\/div>","protected":false},"excerpt":{"rendered":"<p>Driftline hitti Enterprise Europe Network (EEN) fyrst \u00e1ri\u00f0 2021 til a\u00f0 r\u00e6\u00f0a um n\u00e6stu skref fyrir fyrirt\u00e6ki\u00f0. Fyrirt\u00e6ki\u00f0 haf\u00f0i um nokkra hr\u00ed\u00f0 stunda\u00f0 ranns\u00f3knir \u00e1 verkefni s\u00ednu \u00ed samstarfi vi\u00f0 [&hellip;]<\/p>\n","protected":false},"author":4,"featured_media":863,"comment_status":"closed","ping_status":"open","sticky":false,"template":"","format":"standard","meta":{"_acf_changed":false,"footnotes":""},"categories":[13],"tags":[16,17,18,19,20,21,22],"class_list":["post-854","post","type-post","status-publish","format-standard","has-post-thumbnail","hentry","category-frettir","tag-development","tag-een","tag-erasmus","tag-eurostars","tag-health","tag-innovation","tag-research"],"acf":[],"_links":{"self":[{"href":"https:\/\/een.is\/en\/wp-json\/wp\/v2\/posts\/854","targetHints":{"allow":["GET"]}}],"collection":[{"href":"https:\/\/een.is\/en\/wp-json\/wp\/v2\/posts"}],"about":[{"href":"https:\/\/een.is\/en\/wp-json\/wp\/v2\/types\/post"}],"author":[{"embeddable":true,"href":"https:\/\/een.is\/en\/wp-json\/wp\/v2\/users\/4"}],"replies":[{"embeddable":true,"href":"https:\/\/een.is\/en\/wp-json\/wp\/v2\/comments?post=854"}],"version-history":[{"count":0,"href":"https:\/\/een.is\/en\/wp-json\/wp\/v2\/posts\/854\/revisions"}],"wp:featuredmedia":[{"embeddable":true,"href":"https:\/\/een.is\/en\/wp-json\/wp\/v2\/media\/863"}],"wp:attachment":[{"href":"https:\/\/een.is\/en\/wp-json\/wp\/v2\/media?parent=854"}],"wp:term":[{"taxonomy":"category","embeddable":true,"href":"https:\/\/een.is\/en\/wp-json\/wp\/v2\/categories?post=854"},{"taxonomy":"post_tag","embeddable":true,"href":"https:\/\/een.is\/en\/wp-json\/wp\/v2\/tags?post=854"}],"curies":[{"name":"wp","href":"https:\/\/api.w.org\/{rel}","templated":true}]}}