{"id":851,"date":"2023-07-05T09:08:44","date_gmt":"2023-07-05T09:08:44","guid":{"rendered":"https:\/\/een.is\/?p=851"},"modified":"2024-04-28T10:17:27","modified_gmt":"2024-04-28T10:17:27","slug":"aetlar-thu-ad-saekja-um-eurostars-i-september","status":"publish","type":"post","link":"https:\/\/een.is\/en\/aetlar-thu-ad-saekja-um-eurostars-i-september\/","title":{"rendered":"\u00c6tlar \u00fe\u00fa a\u00f0 s\u00e6kja um Eurostars \u00ed september?"},"content":{"rendered":"<p>\u00c6tlar \u00fe\u00fa a\u00f0 s\u00e6kja um Eurostars styrk \u00ed september? Skr\u00e1\u00f0u \u00feig \u00e1 netfundinn sem haldinn ver\u00f0ur 13. j\u00fal\u00ed kl. 9:00-10:00 a\u00f0 \u00edslenskum t\u00edma.<br>\u00dear ver\u00f0ur s\u00fdnikennsla \u00e1 rafr\u00e6na ums\u00f3knarkerfinu \u00e1samt r\u00e1\u00f0um til a\u00f0 auka l\u00edkurnar \u00e1 \u00e1rangri.<\/p>\n\n\n\n<p>Skr\u00e1ning:\u00a0<a href=\"https:\/\/lnkd.in\/e3DRw5kW\" target=\"_blank\" rel=\"noopener\">https:\/\/lnkd.in\/e3DRw5kW<\/a><\/p>\n\n\n\n<figure class=\"wp-block-image size-large\"><a href=\"https:\/\/register.gotowebinar.com\/register\/1012825463514782549?fbclid=IwAR1-G-xb-fEXmBA1dN7tNFoizwU9z0zIaULxh-B-jiHcv-8tiie92IPU0oc\" target=\"_blank\" rel=\"noopener\"><img fetchpriority=\"high\" decoding=\"async\" width=\"1024\" height=\"435\" src=\"https:\/\/een.is\/wp-content\/uploads\/2023\/07\/eurekaEurostars-1024x435.jpg\" alt=\"\" class=\"wp-image-852\" srcset=\"https:\/\/een.is\/wp-content\/uploads\/2023\/07\/eurekaEurostars-1024x435.jpg 1024w, https:\/\/een.is\/wp-content\/uploads\/2023\/07\/eurekaEurostars-300x127.jpg 300w, https:\/\/een.is\/wp-content\/uploads\/2023\/07\/eurekaEurostars-768x326.jpg 768w, https:\/\/een.is\/wp-content\/uploads\/2023\/07\/eurekaEurostars-18x8.jpg 18w, https:\/\/een.is\/wp-content\/uploads\/2023\/07\/eurekaEurostars.jpg 1211w\" sizes=\"(max-width: 1024px) 100vw, 1024px\" \/><\/a><\/figure>","protected":false},"excerpt":{"rendered":"<p>\u00c6tlar \u00fe\u00fa a\u00f0 s\u00e6kja um Eurostars styrk \u00ed september? Skr\u00e1\u00f0u \u00feig \u00e1 netfundinn sem haldinn ver\u00f0ur 13. j\u00fal\u00ed kl. 9:00-10:00 a\u00f0 \u00edslenskum t\u00edma.\u00dear ver\u00f0ur s\u00fdnikennsla \u00e1 rafr\u00e6na ums\u00f3knarkerfinu \u00e1samt r\u00e1\u00f0um [&hellip;]<\/p>\n","protected":false},"author":4,"featured_media":852,"comment_status":"closed","ping_status":"open","sticky":false,"template":"","format":"standard","meta":{"_acf_changed":false,"footnotes":""},"categories":[13],"tags":[],"class_list":["post-851","post","type-post","status-publish","format-standard","has-post-thumbnail","hentry","category-frettir"],"acf":[],"_links":{"self":[{"href":"https:\/\/een.is\/en\/wp-json\/wp\/v2\/posts\/851","targetHints":{"allow":["GET"]}}],"collection":[{"href":"https:\/\/een.is\/en\/wp-json\/wp\/v2\/posts"}],"about":[{"href":"https:\/\/een.is\/en\/wp-json\/wp\/v2\/types\/post"}],"author":[{"embeddable":true,"href":"https:\/\/een.is\/en\/wp-json\/wp\/v2\/users\/4"}],"replies":[{"embeddable":true,"href":"https:\/\/een.is\/en\/wp-json\/wp\/v2\/comments?post=851"}],"version-history":[{"count":0,"href":"https:\/\/een.is\/en\/wp-json\/wp\/v2\/posts\/851\/revisions"}],"wp:featuredmedia":[{"embeddable":true,"href":"https:\/\/een.is\/en\/wp-json\/wp\/v2\/media\/852"}],"wp:attachment":[{"href":"https:\/\/een.is\/en\/wp-json\/wp\/v2\/media?parent=851"}],"wp:term":[{"taxonomy":"category","embeddable":true,"href":"https:\/\/een.is\/en\/wp-json\/wp\/v2\/categories?post=851"},{"taxonomy":"post_tag","embeddable":true,"href":"https:\/\/een.is\/en\/wp-json\/wp\/v2\/tags?post=851"}],"curies":[{"name":"wp","href":"https:\/\/api.w.org\/{rel}","templated":true}]}}