{"id":766,"date":"2022-10-04T10:41:18","date_gmt":"2022-10-04T10:41:18","guid":{"rendered":"https:\/\/een.is\/?p=766"},"modified":"2024-04-28T10:21:51","modified_gmt":"2024-04-28T10:21:51","slug":"arangurssaga-empower-faer-300-milljona-krona-fjarmognun","status":"publish","type":"post","link":"https:\/\/een.is\/en\/arangurssaga-empower-faer-300-milljona-krona-fjarmognun\/","title":{"rendered":"\u00c1rangurssaga: Empow\u00ader f\u00e6r 300 millj\u00ad\u00f3n\u00ada kr\u00f3n\u00ada fj\u00e1r\u00adm\u00f6gn\u00adun"},"content":{"rendered":"<p>\u00cdslenska fyrirt\u00e6ki\u00f0 Empower er vi\u00f0skiptavinur Enterprise Europe Network. Fyrirt\u00e6ki\u00f0 \u00fe\u00e1\u00f0i \u00fej\u00f3nustu netverksins sem \u00ed \u00feeirra tilfelli tengdist a\u00f0gangi a\u00f0 fj\u00e1rm\u00f6gnun. \u00dej\u00f3nustan f\u00f3l \u00ed s\u00e9r r\u00e1\u00f0gj\u00f6f og \u00fej\u00e1lfun fyrir VC fj\u00e1rm\u00f6gnun. &nbsp;Fyrirt\u00e6ki\u00f0 trygg\u00f0i VC fj\u00e1rm\u00f6gnun upp \u00e1 2 millj\u00f3nir evra. <\/p>\n\n\n\n<p>EEN mun halda \u00e1fram a\u00f0 vinna me\u00f0 Empower til a\u00f0 tryggja innlenda styrki og sko\u00f0a b\u00e6\u00f0i al\u00fej\u00f3\u00f0lega styrki og vi\u00f0skiptatengsl \u00ed gegnum neti\u00f0. Empower er n\u00fdtt fyrirt\u00e6ki sem leggur \u00e1herslu \u00e1 hi\u00f0 mikilv\u00e6ga umr\u00e6\u00f0uefni fj\u00f6lbreytileika, jafnr\u00e9tti og jafna \u00fe\u00e1ttt\u00f6ku \u00e1 vinnust\u00f6\u00f0um. Teymi\u00f0 er n\u00fa a\u00f0 \u00fer\u00f3a DEI SaaS lausn fyrir vinnusta\u00f0i \u00e1 heimsv\u00edsu, me\u00f0 s\u00e9rstakri \u00e1herslu \u00e1 vinnusta\u00f0amenningu.<\/p>\n\n\n\n<p>Enterprise Europe Network sinnir fj\u00f6lbreyttri \u00fej\u00f3nustu til \u00edslenskra fyrirt\u00e6kja sem hyggja \u00e1 al\u00fej\u00f3\u00f0legan v\u00f6xt. Netverki\u00f0 er sta\u00f0sett \u00ed yfir 67 l\u00f6ndum og sta\u00f0bundin \u00feekking s\u00e9rfr\u00e6\u00f0inga netverksins hefur miki\u00f0 a\u00f0 segja \u00feegar fyrirt\u00e6ki vilja s\u00e6kja \u00e1 n\u00fdja marka\u00f0i. <\/p>\n\n\n\n<p>Starfsmenn <a href=\"https:\/\/een.is\/en\/\" data-type=\"URL\" data-id=\"https:\/\/een.is\/\">Enterprise Europe Network<\/a> taka vel \u00e1 m\u00f3ti \u00fe\u00ednu fyrirt\u00e6ki.<\/p>","protected":false},"excerpt":{"rendered":"<p>\u00cdslenska fyrirt\u00e6ki\u00f0 Empower er vi\u00f0skiptavinur Enterprise Europe Network. Fyrirt\u00e6ki\u00f0 \u00fe\u00e1\u00f0i \u00fej\u00f3nustu netverksins sem \u00ed \u00feeirra tilfelli tengdist a\u00f0gangi a\u00f0 fj\u00e1rm\u00f6gnun. \u00dej\u00f3nustan f\u00f3l \u00ed s\u00e9r r\u00e1\u00f0gj\u00f6f og \u00fej\u00e1lfun fyrir VC fj\u00e1rm\u00f6gnun. [&hellip;]<\/p>\n","protected":false},"author":4,"featured_media":942,"comment_status":"closed","ping_status":"open","sticky":false,"template":"","format":"standard","meta":{"_acf_changed":false,"footnotes":""},"categories":[7],"tags":[],"class_list":["post-766","post","type-post","status-publish","format-standard","has-post-thumbnail","hentry","category-arangurssogur"],"acf":[],"_links":{"self":[{"href":"https:\/\/een.is\/en\/wp-json\/wp\/v2\/posts\/766","targetHints":{"allow":["GET"]}}],"collection":[{"href":"https:\/\/een.is\/en\/wp-json\/wp\/v2\/posts"}],"about":[{"href":"https:\/\/een.is\/en\/wp-json\/wp\/v2\/types\/post"}],"author":[{"embeddable":true,"href":"https:\/\/een.is\/en\/wp-json\/wp\/v2\/users\/4"}],"replies":[{"embeddable":true,"href":"https:\/\/een.is\/en\/wp-json\/wp\/v2\/comments?post=766"}],"version-history":[{"count":0,"href":"https:\/\/een.is\/en\/wp-json\/wp\/v2\/posts\/766\/revisions"}],"wp:featuredmedia":[{"embeddable":true,"href":"https:\/\/een.is\/en\/wp-json\/wp\/v2\/media\/942"}],"wp:attachment":[{"href":"https:\/\/een.is\/en\/wp-json\/wp\/v2\/media?parent=766"}],"wp:term":[{"taxonomy":"category","embeddable":true,"href":"https:\/\/een.is\/en\/wp-json\/wp\/v2\/categories?post=766"},{"taxonomy":"post_tag","embeddable":true,"href":"https:\/\/een.is\/en\/wp-json\/wp\/v2\/tags?post=766"}],"curies":[{"name":"wp","href":"https:\/\/api.w.org\/{rel}","templated":true}]}}