{"id":410,"date":"2020-02-24T16:05:56","date_gmt":"2020-02-24T16:05:56","guid":{"rendered":"http:\/\/een.is\/?p=410"},"modified":"2024-04-30T10:16:08","modified_gmt":"2024-04-30T10:16:08","slug":"kara-connect-arangurssaga-2020","status":"publish","type":"post","link":"https:\/\/een.is\/en\/kara-connect-arangurssaga-2020\/","title":{"rendered":"Kara Connect &#8211; \u00e1rangurssaga 2020"},"content":{"rendered":"<div data-elementor-type=\"wp-post\" data-elementor-id=\"410\" class=\"elementor elementor-410\" data-elementor-post-type=\"post\">\n\t\t\t\t<div class=\"elementor-element elementor-element-7141d6ce e-flex e-con-boxed e-con e-parent\" data-id=\"7141d6ce\" data-element_type=\"container\" data-e-type=\"container\">\n\t\t\t\t\t<div class=\"e-con-inner\">\n\t\t\t\t<div class=\"elementor-element elementor-element-19c3cab4 elementor-widget elementor-widget-text-editor\" data-id=\"19c3cab4\" data-element_type=\"widget\" data-e-type=\"widget\" data-widget_type=\"text-editor.default\">\n\t\t\t\t<div class=\"elementor-widget-container\">\n\t\t\t\t\t\t\t\t\t<p>Kara Connect er fyrirt\u00e6ki sem hefur broti\u00f0 upp gamlar hef\u00f0ir var\u00f0andi heilbrig\u00f0is\u00fej\u00f3nustu \u00e1 l\u00edkama og s\u00e1l. \u00deorbj\u00f6rg stofnandi og hennar teymi hafa barist \u00f6tullega fyrir \u00fev\u00ed a\u00f0 heilbrig\u00f0is\u00fej\u00f3nusta komist til allra \u00feeirra sem geta ekki s\u00f3tt hana vegna landfr\u00e6\u00f0ilegra hindrana e\u00f0a annara.<\/p><p>Enterprise Europe Network \u00e1 \u00cdslandi f\u00e9kk a\u00f0 st\u00edga inn \u00ed \u00feeirra vegfer\u00f0 til a\u00f0 tengja \u00feau inn \u00e1 s\u00e6nska marka\u00f0inn \u00ed samstarfi vi\u00f0 s\u00e6nska netverki\u00f0 F\u00f6retagarna | Swedish Federation of Business Owners Enterprise Europe Network Stockholm. \u00cd framhaldi opnu\u00f0u \u00feau skrifstofu \u00fear. \u00dearna sanna\u00f0ist m\u00e1ttur al\u00fej\u00f3\u00f0legs tengslanets.<\/p><p><a href=\"https:\/\/www.youtube.com\/watch?v=WCv8dsAw6Nk&amp;feature=emb_title\" target=\"_blank\" rel=\"noopener\">Myndbandi\u00f0 s\u00fdnir vel hversu hversu miklu \u00feetta flotta teymi hefur \u00e1orka\u00f0<\/a>.<\/p><p>Til hamingju Kara Connect.<\/p><p>\u00a0<\/p>\t\t\t\t\t\t\t\t<\/div>\n\t\t\t\t<\/div>\n\t\t\t\t\t<\/div>\n\t\t\t\t<\/div>\n\t\t\t\t<\/div>","protected":false},"excerpt":{"rendered":"<p>Kara Connect er fyrirt\u00e6ki sem hefur broti\u00f0 upp gamlar hef\u00f0ir var\u00f0andi heilbrig\u00f0is\u00fej\u00f3nustu \u00e1 l\u00edkama og s\u00e1l. \u00deorbj\u00f6rg stofnandi og hennar teymi hafa barist \u00f6tullega fyrir \u00fev\u00ed a\u00f0 heilbrig\u00f0is\u00fej\u00f3nusta komist til [&hellip;]<\/p>\n","protected":false},"author":4,"featured_media":411,"comment_status":"closed","ping_status":"open","sticky":false,"template":"","format":"standard","meta":{"_acf_changed":false,"footnotes":""},"categories":[7],"tags":[],"class_list":["post-410","post","type-post","status-publish","format-standard","has-post-thumbnail","hentry","category-arangurssogur"],"acf":[],"_links":{"self":[{"href":"https:\/\/een.is\/en\/wp-json\/wp\/v2\/posts\/410","targetHints":{"allow":["GET"]}}],"collection":[{"href":"https:\/\/een.is\/en\/wp-json\/wp\/v2\/posts"}],"about":[{"href":"https:\/\/een.is\/en\/wp-json\/wp\/v2\/types\/post"}],"author":[{"embeddable":true,"href":"https:\/\/een.is\/en\/wp-json\/wp\/v2\/users\/4"}],"replies":[{"embeddable":true,"href":"https:\/\/een.is\/en\/wp-json\/wp\/v2\/comments?post=410"}],"version-history":[{"count":0,"href":"https:\/\/een.is\/en\/wp-json\/wp\/v2\/posts\/410\/revisions"}],"wp:featuredmedia":[{"embeddable":true,"href":"https:\/\/een.is\/en\/wp-json\/wp\/v2\/media\/411"}],"wp:attachment":[{"href":"https:\/\/een.is\/en\/wp-json\/wp\/v2\/media?parent=410"}],"wp:term":[{"taxonomy":"category","embeddable":true,"href":"https:\/\/een.is\/en\/wp-json\/wp\/v2\/categories?post=410"},{"taxonomy":"post_tag","embeddable":true,"href":"https:\/\/een.is\/en\/wp-json\/wp\/v2\/tags?post=410"}],"curies":[{"name":"wp","href":"https:\/\/api.w.org\/{rel}","templated":true}]}}