{"id":397,"date":"2019-11-08T14:05:52","date_gmt":"2019-11-08T14:05:52","guid":{"rendered":"http:\/\/een.is\/?p=397"},"modified":"2024-04-28T10:39:42","modified_gmt":"2024-04-28T10:39:42","slug":"stefnir-thu-a-bandarikjamarkad","status":"publish","type":"post","link":"https:\/\/een.is\/en\/stefnir-thu-a-bandarikjamarkad\/","title":{"rendered":"Stefnir \u00fe\u00fa \u00e1 bandar\u00edkjamarka\u00f0?"},"content":{"rendered":"<p>ISAAC Boot Camp er eins dags vinnustofa \u00e6tlu\u00f0 fyrirt\u00e6kjum og frumkv\u00f6\u00f0lum sem stefna \u00e1 bandar\u00edkjamarka\u00f0 og sn\u00fdr h\u00fan a\u00f0 \u00fev\u00ed a\u00f0 veita frumkv\u00f6\u00f0lum og fyrirt\u00e6kjum heildar yfirs\u00fdn yfir lei\u00f0ir til a\u00f0 n\u00e1 \u00e1rangri \u00e1 bandar\u00edkjamarka\u00f0i.<\/p>\n<p>Vinnustofan ver\u00f0ur haldin 5.des nk. \u00e1 N\u00fdsk\u00f6punarmi\u00f0st\u00f6\u00f0 \u00cdslands.<\/p>\n<h2>Hvert er vir\u00f0i\u00f0?<\/h2>\n<p>Fari\u00f0 ver\u00f0ur yfir m\u00e1l sem brenna \u00e1 fyrirt\u00e6kjum sem stefna \u00e1 bandar\u00edkjamarka\u00f0 eins og marka\u00f0inn \u00ed heild sinni, vi\u00f0skipta &#8211; og marka\u00f0s\u00fer\u00f3un, fj\u00e1rm\u00f6gnunarlei\u00f0ir, l\u00f6g og reglur og skattam\u00e1l svo f\u00e1tt eitt s\u00e9 nefnt. Einnig ver\u00f0a s\u00e9rfr\u00f3\u00f0ir a\u00f0ilar \u00e1 sta\u00f0num sem deila reynslu og \u00feekkingu til a\u00f0 \u00fe\u00e1tttakendur f\u00e1i sem mest \u00fat \u00far vinnustofunni. Vinnustofan er \u00f3keypis.\u00a0S\u00ed\u00f0ast en ekki s\u00edst, ISAAC er vi\u00f0skiptahra\u00f0all sem hefur \u00fea\u00f0 a\u00f0al markmi\u00f0 a\u00f0 sty\u00f0ja vi\u00f0 erlend fyrirt\u00e6ki me\u00f0 mikla vaxtarm\u00f6guleika a\u00f0 komast inn \u00e1 bandar\u00edkjamarka\u00f0, \u00fev\u00ed er tilvali\u00f0 a\u00f0 n\u00fdta s\u00e9r \u00feennan dag og f\u00e1 sv\u00f6r og lei\u00f0s\u00f6gn fr\u00e1 s\u00e9rfr\u00e6\u00f0ingum.<\/p>\n<h2><strong>Samstarf \u00feriggja a\u00f0ila<\/strong><\/h2>\n<p>ISAAC Atlanta skipuleggur og lei\u00f0ir \u00feessa vinnustofu \u00ed samstarfi vi\u00f0 Enterprise Europe Network \u00e1 N\u00fdsk\u00f6punarmi\u00f0st\u00f6\u00f0 \u00cdslands og Bandar\u00edska sendir\u00e1\u00f0i\u00f0.<\/p>\n<p>H\u00e6gt er a\u00f0 skr\u00e1 sig\u00a0<a href=\"https:\/\/www.nmi.is\/is\/isaac-boot-camp-a-nyskopunarmidstod-5des\" target=\"_blank\" rel=\"noopener\">h\u00e9r<\/a><\/p>","protected":false},"excerpt":{"rendered":"<p>ISAAC Boot Camp er eins dags vinnustofa \u00e6tlu\u00f0 fyrirt\u00e6kjum og frumkv\u00f6\u00f0lum sem stefna \u00e1 bandar\u00edkjamarka\u00f0 og sn\u00fdr h\u00fan a\u00f0 \u00fev\u00ed a\u00f0 veita frumkv\u00f6\u00f0lum og fyrirt\u00e6kjum heildar yfirs\u00fdn yfir lei\u00f0ir til [&hellip;]<\/p>\n","protected":false},"author":4,"featured_media":398,"comment_status":"closed","ping_status":"open","sticky":false,"template":"","format":"standard","meta":{"_acf_changed":false,"footnotes":""},"categories":[13],"tags":[],"class_list":["post-397","post","type-post","status-publish","format-standard","has-post-thumbnail","hentry","category-frettir"],"acf":[],"_links":{"self":[{"href":"https:\/\/een.is\/en\/wp-json\/wp\/v2\/posts\/397","targetHints":{"allow":["GET"]}}],"collection":[{"href":"https:\/\/een.is\/en\/wp-json\/wp\/v2\/posts"}],"about":[{"href":"https:\/\/een.is\/en\/wp-json\/wp\/v2\/types\/post"}],"author":[{"embeddable":true,"href":"https:\/\/een.is\/en\/wp-json\/wp\/v2\/users\/4"}],"replies":[{"embeddable":true,"href":"https:\/\/een.is\/en\/wp-json\/wp\/v2\/comments?post=397"}],"version-history":[{"count":0,"href":"https:\/\/een.is\/en\/wp-json\/wp\/v2\/posts\/397\/revisions"}],"wp:featuredmedia":[{"embeddable":true,"href":"https:\/\/een.is\/en\/wp-json\/wp\/v2\/media\/398"}],"wp:attachment":[{"href":"https:\/\/een.is\/en\/wp-json\/wp\/v2\/media?parent=397"}],"wp:term":[{"taxonomy":"category","embeddable":true,"href":"https:\/\/een.is\/en\/wp-json\/wp\/v2\/categories?post=397"},{"taxonomy":"post_tag","embeddable":true,"href":"https:\/\/een.is\/en\/wp-json\/wp\/v2\/tags?post=397"}],"curies":[{"name":"wp","href":"https:\/\/api.w.org\/{rel}","templated":true}]}}