{"id":317,"date":"2019-02-20T17:19:33","date_gmt":"2019-02-20T17:19:33","guid":{"rendered":"http:\/\/een.is\/?p=317"},"modified":"2024-04-28T10:44:54","modified_gmt":"2024-04-28T10:44:54","slug":"vel-heppnud-heimsokn-erlendra-fyrirtaekja-til-islands","status":"publish","type":"post","link":"https:\/\/een.is\/en\/vel-heppnud-heimsokn-erlendra-fyrirtaekja-til-islands\/","title":{"rendered":"Viltu eiga fund me\u00f0 fyrirt\u00e6kjum me\u00f0 framt\u00ed\u00f0ar samstarf \u00ed huga?  &#8211; Enterprise Europe Network a\u00f0sto\u00f0ar \u00feig"},"content":{"rendered":"<p>Enterprise Europe Network \u00e1 \u00cdslandi hj\u00e1lpar fyrirt\u00e6kjum a\u00f0 vaxa hra\u00f0ar me\u00f0 s\u00e9rsni\u00f0num t\u00f3lum. Fyrirt\u00e6kjaheims\u00f3knir (Company mission) er eitt \u00feeirra. \u00cd samvinnu vi\u00f0 samstarfsa\u00f0ila okkar \u00ed Enterprise Europe Network netverkinu komum vi\u00f0 \u00e1 fundum \u00e1 milli vi\u00f0eigandi fyrirt\u00e6kja anna\u00f0hvort h\u00e9r e\u00f0a erlendis. Vi\u00f0 sj\u00e1um til \u00feess a\u00f0 sameiginlegur \u00e1vinningur beggja a\u00f0ila s\u00e9 \u00ed fyrirr\u00fami. Traust vi\u00f0skiptasamb\u00f6nd er a\u00f0alatri\u00f0i\u00f0 h\u00e9r \u00e1samt v\u00ed\u00f0u tengslaneti.<\/p>\n<p><a href=\"http:\/\/een.is\/en\/um-okkur\/\"><img fetchpriority=\"high\" decoding=\"async\" class=\"alignleft wp-image-318 size-medium\" src=\"http:\/\/een.is\/wp-content\/uploads\/2019\/02\/brokerage_event-300x225.jpg\" alt=\"\" width=\"300\" height=\"225\" srcset=\"https:\/\/een.is\/wp-content\/uploads\/2019\/02\/brokerage_event-300x225.jpg 300w, https:\/\/een.is\/wp-content\/uploads\/2019\/02\/brokerage_event-1024x768.jpg 1024w, https:\/\/een.is\/wp-content\/uploads\/2019\/02\/brokerage_event-768x576.jpg 768w, https:\/\/een.is\/wp-content\/uploads\/2019\/02\/brokerage_event-1536x1152.jpg 1536w, https:\/\/een.is\/wp-content\/uploads\/2019\/02\/brokerage_event-2048x1536.jpg 2048w, https:\/\/een.is\/wp-content\/uploads\/2019\/02\/brokerage_event-16x12.jpg 16w\" sizes=\"(max-width: 300px) 100vw, 300px\" \/><\/a><\/p>\n<p style=\"padding-left: 30px;\">Enterprise Europe Network \u00ed Danm\u00f6rku h\u00e9lt \u00ed lok okt\u00f3ber fyrirt\u00e6kjaheims\u00f3kn \u00ed samstarfi vi\u00f0 EEN \u00e1 \u00cdslandi. D\u00f6nsk og gr\u00e6nlensk fyrirt\u00e6ki \u00ed sj\u00e1var\u00fatvegi og sj\u00f3flutningum komu til \u00cdslands og heims\u00f3ttu 11 hagsmunaa\u00f0ila me\u00f0al annars Eimskip, Orbicon Arctic, \u00edslenska sj\u00e1varklasann og Vi\u00f0skiptar\u00e1\u00f0. Heims\u00f3knin var\u00f0 mj\u00f6g \u00e1rangursr\u00edk. Eftirfarandi ums\u00f6gn Linn Indrestrand \u00fer\u00f3unarstj\u00f3ri Port of Hirtshals er merki um \u00fea\u00f0 hversu mikilv\u00e6gt er a\u00f0 tengja fyrirt\u00e6ki og f\u00f3lk til a\u00f0 framt\u00ed\u00f0arvi\u00f0skiptasamband myndist \u201e<em>We had a great follow-up meeting and the trip in general was absolutely positive. Your service and the meeting you arranged were very well organized. We are planning another more dedicated trip to Iceland<\/em>\u201c Vi\u00f0 hvetjum fyrirt\u00e6ki sem vilja komast \u00ed samband vi\u00f0 fyrirt\u00e6ki erlendis a\u00f0 hafa samband vi\u00f0 okkur <a href=\"http:\/\/een.is\/en\/um-okkur\/\">h\u00e9r<\/a>.<\/p>\n<p>&nbsp;<\/p>\n<p>&nbsp;<\/p>\n<p>&nbsp;<\/p>","protected":false},"excerpt":{"rendered":"<p>Enterprise Europe Network \u00e1 \u00cdslandi hj\u00e1lpar fyrirt\u00e6kjum a\u00f0 vaxa hra\u00f0ar me\u00f0 s\u00e9rsni\u00f0num t\u00f3lum. Fyrirt\u00e6kjaheims\u00f3knir (Company mission) er eitt \u00feeirra. \u00cd samvinnu vi\u00f0 samstarfsa\u00f0ila okkar \u00ed Enterprise Europe Network netverkinu komum [&hellip;]<\/p>\n","protected":false},"author":4,"featured_media":318,"comment_status":"closed","ping_status":"open","sticky":false,"template":"","format":"standard","meta":{"_acf_changed":false,"footnotes":""},"categories":[13],"tags":[],"class_list":["post-317","post","type-post","status-publish","format-standard","has-post-thumbnail","hentry","category-frettir"],"acf":[],"_links":{"self":[{"href":"https:\/\/een.is\/en\/wp-json\/wp\/v2\/posts\/317","targetHints":{"allow":["GET"]}}],"collection":[{"href":"https:\/\/een.is\/en\/wp-json\/wp\/v2\/posts"}],"about":[{"href":"https:\/\/een.is\/en\/wp-json\/wp\/v2\/types\/post"}],"author":[{"embeddable":true,"href":"https:\/\/een.is\/en\/wp-json\/wp\/v2\/users\/4"}],"replies":[{"embeddable":true,"href":"https:\/\/een.is\/en\/wp-json\/wp\/v2\/comments?post=317"}],"version-history":[{"count":0,"href":"https:\/\/een.is\/en\/wp-json\/wp\/v2\/posts\/317\/revisions"}],"wp:featuredmedia":[{"embeddable":true,"href":"https:\/\/een.is\/en\/wp-json\/wp\/v2\/media\/318"}],"wp:attachment":[{"href":"https:\/\/een.is\/en\/wp-json\/wp\/v2\/media?parent=317"}],"wp:term":[{"taxonomy":"category","embeddable":true,"href":"https:\/\/een.is\/en\/wp-json\/wp\/v2\/categories?post=317"},{"taxonomy":"post_tag","embeddable":true,"href":"https:\/\/een.is\/en\/wp-json\/wp\/v2\/tags?post=317"}],"curies":[{"name":"wp","href":"https:\/\/api.w.org\/{rel}","templated":true}]}}