{"id":285,"date":"2018-12-03T11:09:03","date_gmt":"2018-12-03T11:09:03","guid":{"rendered":"http:\/\/een.is\/?p=285"},"modified":"2018-12-03T11:09:03","modified_gmt":"2018-12-03T11:09:03","slug":"islenska-fyrirtaekid-kara-connect-eitt-af-6-arangurssogum-ready-to-grow","status":"publish","type":"post","link":"https:\/\/een.is\/en\/islenska-fyrirtaekid-kara-connect-eitt-af-6-arangurssogum-ready-to-grow\/","title":{"rendered":"\u00cdslenska fyrirt\u00e6ki\u00f0 Kara Connect eitt af 6 \u00e1rangurss\u00f6gum \u201eReady to Grow\u201c"},"content":{"rendered":"<p>\u00c1rlega fer Enterprise Europe Network af sta\u00f0 me\u00f0 herfer\u00f0ir utan um \u00e1rangurss\u00f6gur fyrirt\u00e6kja sem hafa fengi\u00f0 stu\u00f0ning fr\u00e1 Enterprise Europe Network \u00ed s\u00ednu heimalandi og\/e\u00f0a erlendis. Kallast \u00fe\u00e6r \u201eReady to Grow\u201c<\/p>\n<p>\u00cdslenska fyrirt\u00e6ki\u00f0 <a href=\"https:\/\/app.karaconnect.com\/\" target=\"_blank\" rel=\"noopener\">Kara Connect<\/a> var\u00f0 n\u00fdlega fyrir valinu sem \u201eReady to Grow\u201c \u00e1rangurssaga og er n\u00fana hluti af <img fetchpriority=\"high\" decoding=\"async\" class=\"alignleft size-medium wp-image-277\" src=\"http:\/\/een.is\/wp-content\/uploads\/2018\/11\/team-kara-nsa-2018-300x200.jpg\" alt=\"kara connect\" width=\"300\" height=\"200\" srcset=\"https:\/\/een.is\/wp-content\/uploads\/2018\/11\/team-kara-nsa-2018-300x200.jpg 300w, https:\/\/een.is\/wp-content\/uploads\/2018\/11\/team-kara-nsa-2018-1024x683.jpg 1024w, https:\/\/een.is\/wp-content\/uploads\/2018\/11\/team-kara-nsa-2018-768x512.jpg 768w, https:\/\/een.is\/wp-content\/uploads\/2018\/11\/team-kara-nsa-2018-1536x1025.jpg 1536w, https:\/\/een.is\/wp-content\/uploads\/2018\/11\/team-kara-nsa-2018-18x12.jpg 18w, https:\/\/een.is\/wp-content\/uploads\/2018\/11\/team-kara-nsa-2018.jpg 1875w\" sizes=\"(max-width: 300px) 100vw, 300px\" \/> \u00fear sem sex evr\u00f3psk fyrirt\u00e6ki f\u00e1 umfj\u00f6llun \u00e1 Twitter og \u00e1 mi\u00f0l\u00e6gri heimas\u00ed\u00f0u \u00feeirra. H\u00e6gt er a\u00f0 lesa um hennar \u00e1rangurss\u00f6gu \u00e1 heimas\u00ed\u00f0u <a href=\"https:\/\/een.ec.europa.eu\/news\/connecting-therapy-specialists-and-patients-online\" target=\"_blank\" rel=\"noopener\">Enterprise Europe Network<\/a> og \u00e1 <a href=\"https:\/\/twitter.com\/EEN_EU\/status\/1068053197619585024\" target=\"_blank\" rel=\"noopener\">Twitter<\/a> er myndskei\u00f0 af s\u00f6gu fyrirt\u00e6kisins.<\/p>\n<p>Vilt \u00fe\u00fa taka \u00fe\u00e1tt \u00ed \u00feessari vegfer\u00f0 me\u00f0 okkur? \u00a0Haf\u00f0u samband vi\u00f0 okkur \u00e1 <a href=\"http:\/\/een.is\/en\/um-okkur\/\">Enterprise Europe Network \u00e1 \u00cdslandi<\/a><\/p>\n<p><a href=\"https:\/\/een.ec.europa.eu\/\/my?destination=%2ftools%2fPRO%2fProfile%2fMyProfiles\" target=\"_blank\" rel=\"noopener\">Enterprise Europe Network<\/a> er al\u00fej\u00f3\u00f0legt netverk \u00ed yfir 60 l\u00f6ndum sem s\u00e9rh\u00e6fir sig \u00ed a\u00f0 a\u00f0sto\u00f0a fyrirt\u00e6ki \u00ed n\u00fdsk\u00f6pun og al\u00fej\u00f3\u00f0legum vexti. Netverki\u00f0 hefur \u00e1 s\u00ed\u00f0astli\u00f0num 10 \u00e1rum byggt upp st\u00f3rar mi\u00f0l\u00e6gar netr\u00e1sir til a\u00f0 dreifa fr\u00e9ttum, myndb\u00f6ndum og vi\u00f0t\u00f6lum vi\u00f0 fyrirt\u00e6ki sem eru sta\u00f0sett um allan heim. Eitt af lykilatri\u00f0um marka\u00f0sfr\u00e6\u00f0innar er a\u00f0 dreifa uppl\u00fdsingum um fyrirt\u00e6ki og v\u00f6ru \u00e1 sem flesta vi\u00f0eigandi sta\u00f0i til a\u00f0 n\u00e1 athygli. \u00de\u00f3 svo a\u00f0 t.d. <a href=\"https:\/\/twitter.com\/EEN_EU\" target=\"_blank\" rel=\"noopener\">Twitter<\/a> netverki\u00f0 sk\u00e1ki ekki Katie Perry \u00ed s\u00ednu a\u00f0gengi a\u00f0 fj\u00f6ldanum, \u00fe\u00e1 eru \u00feessir mi\u00f0lar a\u00f0 tala vi\u00f0 s\u00e9rsni\u00f0in markh\u00f3p sem skiptir einmitt m\u00e1li fyrir fyrirt\u00e6ki \u00ed vexti.<\/p>\n<p>\u00dev\u00ed er tilvali\u00f0 a\u00f0 n\u00fdta \u00feetta t\u00e6kif\u00e6ri, \u00fe\u00ednu fyrirt\u00e6ki algj\u00f6rlega a\u00f0 kostna\u00f0arlausu, og senda inn \u00e1rangurss\u00f6gu sem \u00e1 m\u00f6guleika a\u00f0 n\u00e1 athygli ekki bara \u00ed Evr\u00f3pu heldur um allan heim. Netverki\u00f0 er me\u00f0 skrifstofu \u00e1 \u00cdslandi og h\u00e6gt a\u00f0 heyra \u00ed okkur var\u00f0andi \u00e1rangurss\u00f6guna og \u00fe\u00e1 <a href=\"http:\/\/een.is\/en\/um-okkur\/\">\u00fej\u00f3nustu<\/a> sem vi\u00f0 bj\u00f3\u00f0um upp \u00e1 h\u00e9r<\/p>\n<p>&nbsp;<\/p>\n<p>\u00dea\u00f0 sem \u00fearf vera fyrir hendi er:<\/p>\n<p>Verkefni\u00f0 \u00fearf a\u00f0 vera efnilegt og hafa getu til a\u00f0 vaxa erlendis.<\/p>\n<p>Fyrirt\u00e6ki \u00feurfa a\u00f0 hafa \u00feegi\u00f0 stu\u00f0ning fr\u00e1 Enterprise Europe Network<\/p>\n<p>Rekstur \u00fearf vera hafinn me\u00f0 g\u00f3\u00f0um \u00e1rangri og metna\u00f0ur \u00fearf a\u00f0 vera til sta\u00f0ar um verulegan al\u00fej\u00f3\u00f0legan v\u00f6xt og fela \u00ed s\u00e9r atvinnut\u00e6kif\u00e6ri.<\/p>\n<p>&nbsp;<\/p>\n<p><em><u>M\u00f6guleiki \u00e1 enn umsvifameiri umfj\u00f6llun<\/u><\/em><\/p>\n<p>Fyrirt\u00e6ki sem taka \u00fe\u00e1tt \u00ed \u00feessu verkefni eiga t\u00e6kif\u00e6ri \u00e1 enn frekari og umsvifameiri umfj\u00f6llun sem endar me\u00f0 fullb\u00fanu myndbandi eins og sj\u00e1 m\u00e1 \u00ed <a href=\"https:\/\/www.youtube.com\/watch?v=ugSx6H6EGh4\" target=\"_blank\" rel=\"noopener\">myndbandi<\/a> um fyrirt\u00e6ki \u00ed Austurr\u00edki sem s\u00e9rh\u00e6fir sig \u00ed ger\u00f0 hugb\u00fana\u00f0ar sem breytir texta \u00ed t\u00e1knm\u00e1l.<\/p>","protected":false},"excerpt":{"rendered":"<p>\u00c1rlega fer Enterprise Europe Network af sta\u00f0 me\u00f0 herfer\u00f0ir utan um \u00e1rangurss\u00f6gur fyrirt\u00e6kja sem hafa fengi\u00f0 stu\u00f0ning fr\u00e1 Enterprise Europe Network \u00ed s\u00ednu heimalandi og\/e\u00f0a erlendis. Kallast \u00fe\u00e6r \u201eReady to [&hellip;]<\/p>\n","protected":false},"author":4,"featured_media":277,"comment_status":"closed","ping_status":"open","sticky":false,"template":"","format":"standard","meta":{"_acf_changed":false,"footnotes":""},"categories":[13],"tags":[],"class_list":["post-285","post","type-post","status-publish","format-standard","has-post-thumbnail","hentry","category-frettir"],"acf":[],"_links":{"self":[{"href":"https:\/\/een.is\/en\/wp-json\/wp\/v2\/posts\/285","targetHints":{"allow":["GET"]}}],"collection":[{"href":"https:\/\/een.is\/en\/wp-json\/wp\/v2\/posts"}],"about":[{"href":"https:\/\/een.is\/en\/wp-json\/wp\/v2\/types\/post"}],"author":[{"embeddable":true,"href":"https:\/\/een.is\/en\/wp-json\/wp\/v2\/users\/4"}],"replies":[{"embeddable":true,"href":"https:\/\/een.is\/en\/wp-json\/wp\/v2\/comments?post=285"}],"version-history":[{"count":0,"href":"https:\/\/een.is\/en\/wp-json\/wp\/v2\/posts\/285\/revisions"}],"wp:featuredmedia":[{"embeddable":true,"href":"https:\/\/een.is\/en\/wp-json\/wp\/v2\/media\/277"}],"wp:attachment":[{"href":"https:\/\/een.is\/en\/wp-json\/wp\/v2\/media?parent=285"}],"wp:term":[{"taxonomy":"category","embeddable":true,"href":"https:\/\/een.is\/en\/wp-json\/wp\/v2\/categories?post=285"},{"taxonomy":"post_tag","embeddable":true,"href":"https:\/\/een.is\/en\/wp-json\/wp\/v2\/tags?post=285"}],"curies":[{"name":"wp","href":"https:\/\/api.w.org\/{rel}","templated":true}]}}