{"id":2388,"date":"2026-01-22T09:39:02","date_gmt":"2026-01-22T09:39:02","guid":{"rendered":"https:\/\/een.is\/?p=2388"},"modified":"2026-01-23T10:18:53","modified_gmt":"2026-01-23T10:18:53","slug":"kynningarfundur-a-styrkja-og-studningsumhverfinu","status":"publish","type":"post","link":"https:\/\/een.is\/en\/kynningarfundur-a-styrkja-og-studningsumhverfinu\/","title":{"rendered":"Kynningarfundur \u00e1 styrkja og stu\u00f0ningsumhverfinu"},"content":{"rendered":"<div data-elementor-type=\"wp-post\" data-elementor-id=\"2388\" class=\"elementor elementor-2388\" data-elementor-post-type=\"post\">\n\t\t\t\t<div class=\"elementor-element elementor-element-1a0d036 e-flex e-con-boxed e-con e-parent\" data-id=\"1a0d036\" data-element_type=\"container\" data-e-type=\"container\">\n\t\t\t\t\t<div class=\"e-con-inner\">\n\t\t\t\t<div class=\"elementor-element elementor-element-b191b9e elementor-widget elementor-widget-text-editor\" data-id=\"b191b9e\" data-element_type=\"widget\" data-e-type=\"widget\" data-widget_type=\"text-editor.default\">\n\t\t\t\t<div class=\"elementor-widget-container\">\n\t\t\t\t\t\t\t\t\t<p>Samt\u00f6k i\u00f0na\u00f0arins og Rann\u00eds standa fyrir kynningarfundi um T\u00e6kni\u00fer\u00f3unarsj\u00f3\u00f0 og \u00fej\u00f3nustu Enterprise Europe Network&nbsp;<br>mi\u00f0vikudaginn 28. jan\u00faar kl. 9:00-10:30<\/p>\n<p>\u00ed H\u00fasi atvinnul\u00edfsins, Borgart\u00fani 35, \u00e1 1. h\u00e6\u00f0.<\/p>\n<p>S\u00e9rfr\u00e6\u00f0ingar fr\u00e1 Rann\u00eds munu kynna opinberan stu\u00f0ning til n\u00fdsk\u00f6punarverkefna \u00ed T\u00e6kni\u00fer\u00f3unarsj\u00f3\u00f0i auk t\u00e6kif\u00e6ra \u00e1 erlendum m\u00f6rku\u00f0um.<\/p>\n<p><strong>Dagskr\u00e1<\/strong><\/p>\n<p>Fundarstj\u00f3ri: Erla Tinna Stef\u00e1nsd\u00f3ttir, vi\u00f0skiptastj\u00f3ri \u00e1 i\u00f0na\u00f0ar- og hugverkasvi\u00f0i Samtaka i\u00f0na\u00f0arins<\/p>\n<ul>\n<li>Styrkir T\u00e6kni\u00fer\u00f3unarsj\u00f3\u00f0s \u2013 Arn\u00fe\u00f3r \u00c6varsson, Rann\u00eds<\/li>\n<\/ul>\n<ul>\n<li>Skattahvatar ranns\u00f3kna- og \u00fer\u00f3unarverkefna \u2013 Sigur\u00f0ur \u00d3li Sigur\u00f0sson, Rann\u00eds&nbsp;<\/li>\n<li>Styrkir Eurostars og \u00fej\u00f3nusta EEN \u2013&nbsp; Mj\u00f6ll Waldorf, Rann\u00eds<\/li>\n<li>Reynslusaga styrk\u00feega&nbsp; \u2013 Karl Birgir Bj\u00f6rnsson, framkv\u00e6mdastj\u00f3ri og me\u00f0stofnandi Hefring Marine og a\u00f0ildarfyrirt\u00e6ki Samtaka i\u00f0na\u00f0arins<\/li>\n<\/ul>\n<p>Bo\u00f0i\u00f0 ver\u00f0ur upp \u00e1 morgunkaffi og a\u00f0 loknum erindum gefst g\u00f3\u00f0ur t\u00edmi fyrir spurningar, samtal og tengslamyndun.&nbsp;<\/p>\n<p>Vi\u00f0 hl\u00f6kkum til a\u00f0 sj\u00e1 ykkur.<\/p>\t\t\t\t\t\t\t\t<\/div>\n\t\t\t\t<\/div>\n\t\t\t\t<div class=\"elementor-element elementor-element-66471b9 elementor-widget elementor-widget-button\" data-id=\"66471b9\" data-element_type=\"widget\" data-e-type=\"widget\" data-widget_type=\"button.default\">\n\t\t\t\t<div class=\"elementor-widget-container\">\n\t\t\t\t\t\t\t\t\t<div class=\"elementor-button-wrapper\">\n\t\t\t\t\t<a class=\"elementor-button elementor-button-link elementor-size-sm\" href=\"https:\/\/www.si.is\/upplysingar-og-utgafa\/a-dofinni\/skraning\/nanar\/2170\" target=\"_blank\" rel=\"noopener\">\n\t\t\t\t\t\t<span class=\"elementor-button-content-wrapper\">\n\t\t\t\t\t\t\t\t\t<span class=\"elementor-button-text\">Skr\u00e1ning<\/span>\n\t\t\t\t\t<\/span>\n\t\t\t\t\t<\/a>\n\t\t\t\t<\/div>\n\t\t\t\t\t\t\t\t<\/div>\n\t\t\t\t<\/div>\n\t\t\t\t\t<\/div>\n\t\t\t\t<\/div>\n\t\t\t\t<\/div>","protected":false},"excerpt":{"rendered":"<p>Samt\u00f6k i\u00f0na\u00f0arins og Rann\u00eds standa fyrir kynningarfundi um T\u00e6kni\u00fer\u00f3unarsj\u00f3\u00f0 og \u00fej\u00f3nustu Enterprise Europe Network&nbsp;mi\u00f0vikudaginn 28. jan\u00faar kl. 9:00-10:30 \u00ed H\u00fasi atvinnul\u00edfsins, Borgart\u00fani 35, \u00e1 1. h\u00e6\u00f0. S\u00e9rfr\u00e6\u00f0ingar fr\u00e1 Rann\u00eds munu [&hellip;]<\/p>\n","protected":false},"author":4,"featured_media":2394,"comment_status":"closed","ping_status":"closed","sticky":false,"template":"","format":"standard","meta":{"_acf_changed":false,"footnotes":""},"categories":[13],"tags":[],"class_list":["post-2388","post","type-post","status-publish","format-standard","has-post-thumbnail","hentry","category-frettir"],"acf":[],"_links":{"self":[{"href":"https:\/\/een.is\/en\/wp-json\/wp\/v2\/posts\/2388","targetHints":{"allow":["GET"]}}],"collection":[{"href":"https:\/\/een.is\/en\/wp-json\/wp\/v2\/posts"}],"about":[{"href":"https:\/\/een.is\/en\/wp-json\/wp\/v2\/types\/post"}],"author":[{"embeddable":true,"href":"https:\/\/een.is\/en\/wp-json\/wp\/v2\/users\/4"}],"replies":[{"embeddable":true,"href":"https:\/\/een.is\/en\/wp-json\/wp\/v2\/comments?post=2388"}],"version-history":[{"count":6,"href":"https:\/\/een.is\/en\/wp-json\/wp\/v2\/posts\/2388\/revisions"}],"predecessor-version":[{"id":2397,"href":"https:\/\/een.is\/en\/wp-json\/wp\/v2\/posts\/2388\/revisions\/2397"}],"wp:featuredmedia":[{"embeddable":true,"href":"https:\/\/een.is\/en\/wp-json\/wp\/v2\/media\/2394"}],"wp:attachment":[{"href":"https:\/\/een.is\/en\/wp-json\/wp\/v2\/media?parent=2388"}],"wp:term":[{"taxonomy":"category","embeddable":true,"href":"https:\/\/een.is\/en\/wp-json\/wp\/v2\/categories?post=2388"},{"taxonomy":"post_tag","embeddable":true,"href":"https:\/\/een.is\/en\/wp-json\/wp\/v2\/tags?post=2388"}],"curies":[{"name":"wp","href":"https:\/\/api.w.org\/{rel}","templated":true}]}}