{"id":2253,"date":"2025-11-17T12:20:23","date_gmt":"2025-11-17T12:20:23","guid":{"rendered":"https:\/\/een.is\/?p=2253"},"modified":"2025-11-17T14:28:53","modified_gmt":"2025-11-17T14:28:53","slug":"fra-vidskiptahugmynd-til-fjarmognunar-2","status":"publish","type":"post","link":"https:\/\/een.is\/en\/fra-vidskiptahugmynd-til-fjarmognunar-2\/","title":{"rendered":"Fr\u00e1 vi\u00f0skiptahugmynd til fj\u00e1rm\u00f6gnunar"},"content":{"rendered":"<div data-elementor-type=\"wp-post\" data-elementor-id=\"2253\" class=\"elementor elementor-2253\" data-elementor-post-type=\"post\">\n\t\t\t\t<div class=\"elementor-element elementor-element-dae81e6 e-flex e-con-boxed e-con e-parent\" data-id=\"dae81e6\" data-element_type=\"container\" data-e-type=\"container\">\n\t\t\t\t\t<div class=\"e-con-inner\">\n\t\t\t\t<div class=\"elementor-element elementor-element-fcb2bec elementor-widget elementor-widget-text-editor\" data-id=\"fcb2bec\" data-element_type=\"widget\" data-e-type=\"widget\" data-widget_type=\"text-editor.default\">\n\t\t\t\t<div class=\"elementor-widget-container\">\n\t\t\t\t\t\t\t\t\t<p>Mi\u00f0st\u00f6\u00f0 stafr\u00e6nnar n\u00fdsk\u00f6punar \u00e1 \u00cdslandi (EDIH) og Enterprise Europe Network \u00e1 \u00cdslandi standa fyrir &#8222;master class&#8220; n\u00e1mskei\u00f0i \u00ed samstarfi vi\u00f0 Gate2Growth dagana 2.-3. desember \u00ed Hannesarholti vi\u00f0 Grundarst\u00edg 1. Fyrri dagurinn stendur fr\u00e1 kl. 10-16, en bo\u00f0i\u00f0 er upp \u00e1 einstaklingsr\u00e1\u00f0gj\u00f6f seinni daginn. Athugi\u00f0, <span style=\"font-weight: normal !msorm;\">\u00fea\u00f0 er takmarka\u00f0 pl\u00e1ss \u00ed einstaklingsr\u00e1<\/span><span style=\"font-weight: normal !msorm;\">\u00f0gj\u00f6fina og ver\u00f0ur fundart\u00edmum \u00fathluta\u00f0 \u00ed \u00feeirri r\u00f6\u00f0 sem fyrirspurnir berast.<\/span><\/p><p>Markmi\u00f0 n\u00e1mskei\u00f0sins er a\u00f0 lei\u00f0beina \u00fe\u00e1tttakendum vi\u00f0 a\u00f0 \u00fer\u00f3a \u00f6flugt vi\u00f0skiptam\u00f3del, setja fram faglega vi\u00f0skipta\u00e1\u00e6tlun og l\u00e6ra a\u00f0 velja r\u00e9ttar fj\u00e1rm\u00f6gnunara\u00f0fer\u00f0ir. Fari\u00f0 ver\u00f0ur yfir hringr\u00e1sar- og l\u00ednuleg vi\u00f0skiptam\u00f3del, \u00e1skoranir opinberra innkaupa og hvernig fyrirt\u00e6ki geti sameina\u00f0 einkafj\u00e1rfestingu og opinbera styrki.<\/p><p>S\u00e9rst\u00f6k \u00e1hersla er l\u00f6g\u00f0 \u00e1:<\/p><ul><li>Hvernig \u00e1 a\u00f0 la\u00f0a a\u00f0 fj\u00e1rfesta<\/li><li>Fj\u00e1rhags\u00e1\u00e6tlanir og lausafj\u00e1rgreiningu<\/li><li>Helstu ESB-styrki<\/li><li>Hvers vegna og hven\u00e6r \u00e1 a\u00f0 taka \u00fe\u00e1tt \u00ed al\u00fej\u00f3\u00f0legum samstarfsverkefnum<\/li><\/ul><p><strong>Dr\u00f6g a\u00f0 dagskr\u00e1<br \/><\/strong><\/p><p><em>\u00deri\u00f0judagur, 2. desember\u00a0<\/em><\/p><ul><li>09.30 H\u00fasi\u00f0 opnar<\/li><li>10.00-12.30 Fj\u00e1rm\u00f6gnunarlandslagi\u00f0 og hringr\u00e1sar\/l\u00ednuleg vi\u00f0skiptam\u00f3del, vi\u00f0skipta\u00e1\u00e6tlun<\/li><li>12.30-13.00 H\u00e1degismatur<\/li><li>13.00-15.30\u00a0A\u00f0 la\u00f0a a\u00f0 fj\u00e1rfesta me\u00f0 sterku vi\u00f0skiptam\u00f3deli, opinberir styrkir \/ ESB-styrkir, b\u00f6l e\u00f0a blessun<\/li><\/ul><p><em>Mi\u00f0vikudagur, 3. desember<\/em><\/p><ul><li>09.30 H\u00fasi\u00f0 opnar<\/li><li>Einstaklingsr\u00e1\u00f0gj\u00f6f, s\u00e9r skr\u00e1ning og h\u00e9r gildir fyrstur kemur fyrstur f\u00e6r.<\/li><\/ul><p><strong>Lei\u00f0beinandi<\/strong><br \/>Uffe Bundgaard-Joergensen, forstj\u00f3ri Gate2Growth og s\u00e9rfr\u00e6\u00f0ingur \u00ed fj\u00e1rm\u00f6gnun n\u00fdsk\u00f6punarfyrirt\u00e6kja \u00ed Evr\u00f3pu.<br \/>Uffe er me\u00f0 doktorsgr\u00e1\u00f0u \u00ed hagfr\u00e6\u00f0i og rekstrarranns\u00f3knum fr\u00e1 Kaupmannahafnarh\u00e1sk\u00f3la og T\u00e6knih\u00e1sk\u00f3la Danmerkur. Hann hefur starfa\u00f0 sem r\u00e1\u00f0gjafi, ranns\u00f3knarstj\u00f3ri, framkv\u00e6mdastj\u00f3ri og stj\u00f3rnandi \u00ed b\u00e6\u00f0i einka- og opinbera geiranum. Hann er me\u00f0limur V\u00edsindaakadem\u00edu Danmerkur og var \u00ed 15 \u00e1r forma\u00f0ur danska orkum\u00e1laeftirlitsins. Hann hefur einnig starfa\u00f0 sem al\u00fej\u00f3\u00f0legur r\u00e1\u00f0gjafi \u00ed Afr\u00edku, As\u00edu og Su\u00f0ur-Amer\u00edku.<\/p><p><strong>N\u00e1mskei\u00f0i\u00f0 fer fram \u00e1 ensku<\/strong><\/p><p><strong>N\u00e1msskei\u00f0sgjald:<\/strong> 4.990 kr.<br \/>Innifali\u00f0: H\u00e1degismatur, hressing og \u00f6ll g\u00f6gn, \u00fear me\u00f0 tali\u00f0: <br \/>EU-verkefnask\u00fdrslan <em>Circular &amp; Linear Business Cases and Public Procurement Challenges.<\/em><br \/>A\u00f0gangur a\u00f0 G2G Business Plan Writer og fj\u00e1rhags\u00e1\u00e6tlunarm\u00f3d\u00fal \u00ed 3 m\u00e1nu\u00f0i.<\/p>\t\t\t\t\t\t\t\t<\/div>\n\t\t\t\t<\/div>\n\t\t\t\t<div class=\"elementor-element elementor-element-0b35878 elementor-widget elementor-widget-button\" data-id=\"0b35878\" data-element_type=\"widget\" data-e-type=\"widget\" data-widget_type=\"button.default\">\n\t\t\t\t<div class=\"elementor-widget-container\">\n\t\t\t\t\t\t\t\t\t<div class=\"elementor-button-wrapper\">\n\t\t\t\t\t<a class=\"elementor-button elementor-button-link elementor-size-sm\" href=\"https:\/\/forms.office.com\/Pages\/ResponsePage.aspx?id=bTBKdmgKrUWfB28YBER81K-nDRo89J9CpH-vjrH2Tt9UQ0xJMktUSzY3Vk9QSVRXQjlaUTRJV0dWOS4u\" target=\"_blank\" rel=\"noopener\">\n\t\t\t\t\t\t<span class=\"elementor-button-content-wrapper\">\n\t\t\t\t\t\t\t\t\t<span class=\"elementor-button-text\">Skr\u00e1ning \u00e1 n\u00e1mskei\u00f0i\u00f0 <\/span>\n\t\t\t\t\t<\/span>\n\t\t\t\t\t<\/a>\n\t\t\t\t<\/div>\n\t\t\t\t\t\t\t\t<\/div>\n\t\t\t\t<\/div>\n\t\t\t\t\t<\/div>\n\t\t\t\t<\/div>\n\t\t<div class=\"elementor-element elementor-element-38e3254 e-flex e-con-boxed e-con e-parent\" data-id=\"38e3254\" data-element_type=\"container\" data-e-type=\"container\">\n\t\t\t\t\t<div class=\"e-con-inner\">\n\t\t\t\t<div class=\"elementor-element elementor-element-7b6b7fd elementor-widget elementor-widget-text-editor\" data-id=\"7b6b7fd\" data-element_type=\"widget\" data-e-type=\"widget\" data-widget_type=\"text-editor.default\">\n\t\t\t\t<div class=\"elementor-widget-container\">\n\t\t\t\t\t\t\t\t\t<p>\u00a0<\/p><p>N\u00e1mskei\u00f0inu l\u00fdkur me\u00f0 einstaklingsr\u00e1\u00f0gj\u00f6f \u00fear sem \u00fe\u00e1tttakendur geta fengi\u00f0 markvissa endurgj\u00f6f \u00e1 eigin verkefni. S\u00e9rst\u00f6k skr\u00e1ning er \u00ed gegnum netfangi\u00f0 hj\u00e1 Kolfinnu T\u00f3masd\u00f3ttur, <a href=\"mailto:kolfinna.tomasdottir@rannis.is\">kolfinna.tomasdottir@rannis.is \u00a0<\/a><br \/>Vinsamlegast sendi\u00f0 stutta l\u00fdsingu \u00e1 verkefninu ykkar \u00e1 ensku vi\u00f0 skr\u00e1ning.<\/p>\t\t\t\t\t\t\t\t<\/div>\n\t\t\t\t<\/div>\n\t\t\t\t\t<\/div>\n\t\t\t\t<\/div>\n\t\t<div class=\"elementor-element elementor-element-438c222 e-flex e-con-boxed e-con e-parent\" data-id=\"438c222\" data-element_type=\"container\" data-e-type=\"container\">\n\t\t\t\t\t<div class=\"e-con-inner\">\n\t\t\t\t<div class=\"elementor-element elementor-element-98f1f90 elementor-widget elementor-widget-button\" data-id=\"98f1f90\" data-element_type=\"widget\" data-e-type=\"widget\" data-widget_type=\"button.default\">\n\t\t\t\t<div class=\"elementor-widget-container\">\n\t\t\t\t\t\t\t\t\t<div class=\"elementor-button-wrapper\">\n\t\t\t\t\t<a class=\"elementor-button elementor-button-link elementor-size-sm\" href=\"mailto:kolfinna.tomasdottir@rannis.is\">\n\t\t\t\t\t\t<span class=\"elementor-button-content-wrapper\">\n\t\t\t\t\t\t\t\t\t<span class=\"elementor-button-text\">Skr\u00e1ning \u00ed einstaklingsr\u00e1\u00f0gj\u00f6f<\/span>\n\t\t\t\t\t<\/span>\n\t\t\t\t\t<\/a>\n\t\t\t\t<\/div>\n\t\t\t\t\t\t\t\t<\/div>\n\t\t\t\t<\/div>\n\t\t\t\t\t<\/div>\n\t\t\t\t<\/div>\n\t\t\t\t<\/div>","protected":false},"excerpt":{"rendered":"<p>Mi\u00f0st\u00f6\u00f0 stafr\u00e6nnar n\u00fdsk\u00f6punar \u00e1 \u00cdslandi (EDIH) og Enterprise Europe Network \u00e1 \u00cdslandi standa fyrir &#8222;master class&#8220; n\u00e1mskei\u00f0i \u00ed samstarfi vi\u00f0 Gate2Growth dagana 2.-3. desember \u00ed Hannesarholti vi\u00f0 Grundarst\u00edg 1. Fyrri [&hellip;]<\/p>\n","protected":false},"author":4,"featured_media":2255,"comment_status":"closed","ping_status":"closed","sticky":false,"template":"","format":"standard","meta":{"_acf_changed":false,"footnotes":""},"categories":[13],"tags":[],"class_list":["post-2253","post","type-post","status-publish","format-standard","has-post-thumbnail","hentry","category-frettir"],"acf":[],"_links":{"self":[{"href":"https:\/\/een.is\/en\/wp-json\/wp\/v2\/posts\/2253","targetHints":{"allow":["GET"]}}],"collection":[{"href":"https:\/\/een.is\/en\/wp-json\/wp\/v2\/posts"}],"about":[{"href":"https:\/\/een.is\/en\/wp-json\/wp\/v2\/types\/post"}],"author":[{"embeddable":true,"href":"https:\/\/een.is\/en\/wp-json\/wp\/v2\/users\/4"}],"replies":[{"embeddable":true,"href":"https:\/\/een.is\/en\/wp-json\/wp\/v2\/comments?post=2253"}],"version-history":[{"count":45,"href":"https:\/\/een.is\/en\/wp-json\/wp\/v2\/posts\/2253\/revisions"}],"predecessor-version":[{"id":2305,"href":"https:\/\/een.is\/en\/wp-json\/wp\/v2\/posts\/2253\/revisions\/2305"}],"wp:featuredmedia":[{"embeddable":true,"href":"https:\/\/een.is\/en\/wp-json\/wp\/v2\/media\/2255"}],"wp:attachment":[{"href":"https:\/\/een.is\/en\/wp-json\/wp\/v2\/media?parent=2253"}],"wp:term":[{"taxonomy":"category","embeddable":true,"href":"https:\/\/een.is\/en\/wp-json\/wp\/v2\/categories?post=2253"},{"taxonomy":"post_tag","embeddable":true,"href":"https:\/\/een.is\/en\/wp-json\/wp\/v2\/tags?post=2253"}],"curies":[{"name":"wp","href":"https:\/\/api.w.org\/{rel}","templated":true}]}}