{"id":2125,"date":"2025-09-18T09:19:57","date_gmt":"2025-09-18T09:19:57","guid":{"rendered":"https:\/\/een.is\/?p=2125"},"modified":"2025-09-18T09:39:18","modified_gmt":"2025-09-18T09:39:18","slug":"namskeid-i-gerd-styrkumsokna-fyrir-horizon-europe-og-erc","status":"publish","type":"post","link":"https:\/\/een.is\/en\/namskeid-i-gerd-styrkumsokna-fyrir-horizon-europe-og-erc\/","title":{"rendered":"N\u00e1mskei\u00f0 \u00ed ger\u00f0 styrkums\u00f3kna \u00ed Horizon Europe og ERC"},"content":{"rendered":"<div data-elementor-type=\"wp-post\" data-elementor-id=\"2125\" class=\"elementor elementor-2125\" data-elementor-post-type=\"post\">\n\t\t\t\t<div class=\"elementor-element elementor-element-f67bde6 e-flex e-con-boxed e-con e-parent\" data-id=\"f67bde6\" data-element_type=\"container\" data-e-type=\"container\">\n\t\t\t\t\t<div class=\"e-con-inner\">\n\t\t\t\t<div class=\"elementor-element elementor-element-38871e9 elementor-widget elementor-widget-text-editor\" data-id=\"38871e9\" data-element_type=\"widget\" data-e-type=\"widget\" data-widget_type=\"text-editor.default\">\n\t\t\t\t<div class=\"elementor-widget-container\">\n\t\t\t\t\t\t\t\t\t<p>Dagana 28.-30. okt\u00f3ber 2025 standa <a class=\"lHlVQYNdittsZtIMmydEszOwdsHtIQanw\" tabindex=\"0\" href=\"https:\/\/www.linkedin.com\/company\/rannis\/\" target=\"_self\" data-test-app-aware-link=\"\" rel=\"noopener\">Rann\u00eds &#8211; The Icelandic Centre<\/a><a class=\"lHlVQYNdittsZtIMmydEszOwdsHtIQanw\" tabindex=\"0\" href=\"https:\/\/www.linkedin.com\/company\/rannis\/\" target=\"_self\" data-test-app-aware-link=\"\" rel=\"noopener\">\u00a0for Research<\/a> og <a class=\"lHlVQYNdittsZtIMmydEszOwdsHtIQanw\" tabindex=\"0\" href=\"https:\/\/www.linkedin.com\/company\/edih-is-mi%C3%B0st%C3%B6%C3%B0-stafr%C3%A6nnar-n%C3%BDsk%C3%B6punar\/\" target=\"_self\" data-test-app-aware-link=\"\" rel=\"noopener\">EDIH-IS &#8211; Mi\u00f0st\u00f6\u00f0 stafr\u00e6nnar n\u00fdsk\u00f6punar<\/a> \u00ed samstarfi vi\u00f0 Enterprise Europe Network (EEN) \u00e1 \u00cdslandi og <a class=\"lHlVQYNdittsZtIMmydEszOwdsHtIQanw\" tabindex=\"0\" href=\"https:\/\/www.linkedin.com\/company\/icearma-icelandic-association-of-research-managers-and-administrators\/\" target=\"_self\" data-test-app-aware-link=\"\" rel=\"noopener\">Icearma &#8211; Icelandic Association of Research Managers and Administrators<\/a> fyrir n\u00e1mskei\u00f0i um hvernig \u00e1 a\u00f0 undirb\u00faa og skrifa samkeppnish\u00e6far ums\u00f3knir \u00ed Horizon Europe og Evr\u00f3pska ranns\u00f3knar\u00e1\u00f0sins (ERC).<\/p><p><strong>N\u00e1mskei\u00f0i\u00f0 er sni\u00f0i\u00f0 fyrir:<\/strong><\/p><ul><li>V\u00edsindaf\u00f3lk<\/li><li>Ums\u00e6kjendur<\/li><li>Verkefnastj\u00f3ra<\/li><li>Ranns\u00f3knastj\u00f3ra og a\u00f0ila sem koma a\u00f0 undirb\u00faningi Horizon verkefna<\/li><li>\u00d6llum sem vilja styrkja f\u00e6rni s\u00edna \u00ed ger\u00f0 styrkums\u00f3kna fyrir ranns\u00f3knir og n\u00fdsk\u00f6pun innan ESB<\/li><\/ul><p>\u00a0<\/p><p><img fetchpriority=\"high\" decoding=\"async\" class=\"size-medium wp-image-2134 alignleft\" src=\"https:\/\/een.is\/wp-content\/uploads\/2025\/09\/jitka_namskeid_HorizonEurope_ERC_rannis_een-259x300.jpg\" alt=\"Jitka Eryilmazova, Ph.D.\" width=\"259\" height=\"300\" srcset=\"https:\/\/een.is\/wp-content\/uploads\/2025\/09\/jitka_namskeid_HorizonEurope_ERC_rannis_een-259x300.jpg 259w, https:\/\/een.is\/wp-content\/uploads\/2025\/09\/jitka_namskeid_HorizonEurope_ERC_rannis_een-10x12.jpg 10w, https:\/\/een.is\/wp-content\/uploads\/2025\/09\/jitka_namskeid_HorizonEurope_ERC_rannis_een.jpg 382w\" sizes=\"(max-width: 259px) 100vw, 259px\" \/><strong>Lei\u00f0beinandi er Jitka Eryilmazova, Ph.D.<\/strong> <br \/>Jitka er forst\u00f6\u00f0uma\u00f0ur Horizon Europe Pre-Awards Services hj\u00e1 EFMC (European Fund Management Consulting). H\u00fan b\u00fdr yfir \u00e1ralangri reynslu sem yfirmatsma\u00f0ur Horizon ums\u00f3kna. Jitka hefur hloti\u00f0 fj\u00f6lmargar vi\u00f0urkenningar fyrir n\u00e1m og st\u00f6rf og \u00e1 a\u00f0 baki meira en 18 \u00e1ra reynslu \u00far atvinnul\u00edfinu sem og fr\u00e6\u00f0asamf\u00e9laginu. Jitka er me\u00f0 doktorsgr\u00e1\u00f0u \u00ed byggingarl\u00edffr\u00e6\u00f0i fr\u00e1 Birkbeck College, H\u00e1sk\u00f3lanum \u00ed London.<\/p><p>\u00a0<\/p><p>\u00a0<\/p><p><strong>Sta\u00f0setning:<\/strong> Hannesarholt, Grundarst\u00edg 10, Reykjav\u00edk<br \/><strong>T\u00edmasetning:<\/strong> Kl. 10:00\u201317:00, alla daga<\/p><p>Kennsla fer fram \u00e1 ensku<\/p><p>N\u00e1mskei\u00f0i\u00f0 er tv\u00edskiptt en \u00fer\u00edr m\u00f6guleikar eru \u00ed bo\u00f0i:<\/p><ul><li><strong>28.-29. okt:<\/strong> Horizon Europe \u2013 Almenn ums\u00f3knarskrif: 40.000 kr.<\/li><li><strong>30. okt:<\/strong> ERC ums\u00f3knarskrif: 20.000 kr.<\/li><li><strong>28.-30. okt:<\/strong> Allt n\u00e1mskei\u00f0i\u00f0: 50.000 kr.<\/li><\/ul><p>Innifali\u00f0 \u00ed ver\u00f0i: n\u00e1mskei\u00f0sg\u00f6gn, h\u00e1degismatur og kaffiveitingar.<\/p><p>F\u00e9lagsf\u00f3lk \u00ed ICEARMA f\u00e6r 10.000 kr. afsl\u00e1tt.<\/p><p>H\u00e1marksfj\u00f6ldi \u00fe\u00e1tttakenda er 45<\/p>\t\t\t\t\t\t\t\t<\/div>\n\t\t\t\t<\/div>\n\t\t\t\t\t<\/div>\n\t\t\t\t<\/div>\n\t\t<div class=\"elementor-element elementor-element-ef9ebac e-flex e-con-boxed e-con e-parent\" data-id=\"ef9ebac\" data-element_type=\"container\" data-e-type=\"container\">\n\t\t\t\t\t<div class=\"e-con-inner\">\n\t\t\t\t<div class=\"elementor-element elementor-element-76112a0 elementor-widget elementor-widget-button\" data-id=\"76112a0\" data-element_type=\"widget\" data-e-type=\"widget\" data-widget_type=\"button.default\">\n\t\t\t\t<div class=\"elementor-widget-container\">\n\t\t\t\t\t\t\t\t\t<div class=\"elementor-button-wrapper\">\n\t\t\t\t\t<a class=\"elementor-button elementor-button-link elementor-size-sm\" href=\"https:\/\/forms.office.com\/pages\/responsepage.aspx?id=bTBKdmgKrUWfB28YBER81K78jH4vJ6tGknqywylUdNBURVQwTkZTUUhOTlpFRDdFRzg3VTlXUzdQQi4u&#038;route=shorturl\" target=\"_blank\" rel=\"noopener\">\n\t\t\t\t\t\t<span class=\"elementor-button-content-wrapper\">\n\t\t\t\t\t\t\t\t\t<span class=\"elementor-button-text\">Skr\u00e1ning<\/span>\n\t\t\t\t\t<\/span>\n\t\t\t\t\t<\/a>\n\t\t\t\t<\/div>\n\t\t\t\t\t\t\t\t<\/div>\n\t\t\t\t<\/div>\n\t\t\t\t\t<\/div>\n\t\t\t\t<\/div>\n\t\t\t\t<\/div>","protected":false},"excerpt":{"rendered":"<p>Dagana 28.-30. okt\u00f3ber 2025 standa Rann\u00eds &#8211; The Icelandic Centre\u00a0for Research og EDIH-IS &#8211; Mi\u00f0st\u00f6\u00f0 stafr\u00e6nnar n\u00fdsk\u00f6punar \u00ed samstarfi vi\u00f0 Enterprise Europe Network (EEN) \u00e1 \u00cdslandi og Icearma &#8211; Icelandic [&hellip;]<\/p>\n","protected":false},"author":4,"featured_media":2132,"comment_status":"closed","ping_status":"closed","sticky":false,"template":"","format":"standard","meta":{"_acf_changed":false,"footnotes":""},"categories":[13],"tags":[],"class_list":["post-2125","post","type-post","status-publish","format-standard","has-post-thumbnail","hentry","category-frettir"],"acf":[],"_links":{"self":[{"href":"https:\/\/een.is\/en\/wp-json\/wp\/v2\/posts\/2125","targetHints":{"allow":["GET"]}}],"collection":[{"href":"https:\/\/een.is\/en\/wp-json\/wp\/v2\/posts"}],"about":[{"href":"https:\/\/een.is\/en\/wp-json\/wp\/v2\/types\/post"}],"author":[{"embeddable":true,"href":"https:\/\/een.is\/en\/wp-json\/wp\/v2\/users\/4"}],"replies":[{"embeddable":true,"href":"https:\/\/een.is\/en\/wp-json\/wp\/v2\/comments?post=2125"}],"version-history":[{"count":11,"href":"https:\/\/een.is\/en\/wp-json\/wp\/v2\/posts\/2125\/revisions"}],"predecessor-version":[{"id":2141,"href":"https:\/\/een.is\/en\/wp-json\/wp\/v2\/posts\/2125\/revisions\/2141"}],"wp:featuredmedia":[{"embeddable":true,"href":"https:\/\/een.is\/en\/wp-json\/wp\/v2\/media\/2132"}],"wp:attachment":[{"href":"https:\/\/een.is\/en\/wp-json\/wp\/v2\/media?parent=2125"}],"wp:term":[{"taxonomy":"category","embeddable":true,"href":"https:\/\/een.is\/en\/wp-json\/wp\/v2\/categories?post=2125"},{"taxonomy":"post_tag","embeddable":true,"href":"https:\/\/een.is\/en\/wp-json\/wp\/v2\/tags?post=2125"}],"curies":[{"name":"wp","href":"https:\/\/api.w.org\/{rel}","templated":true}]}}