{"id":211,"date":"2017-03-13T13:15:50","date_gmt":"2017-03-13T13:15:50","guid":{"rendered":"http:\/\/een.is\/?p=211"},"modified":"2017-03-13T13:15:50","modified_gmt":"2017-03-13T13:15:50","slug":"stefnir-thitt-fyrirtaeki-a-bandarikjamarkad","status":"publish","type":"post","link":"https:\/\/een.is\/en\/stefnir-thitt-fyrirtaeki-a-bandarikjamarkad\/","title":{"rendered":"Stefnir \u00feitt fyrirt\u00e6ki \u00e1 Bandar\u00edkjamarka\u00f0?"},"content":{"rendered":"<p>Sendir\u00e1\u00f0 Bandar\u00edkjanna \u00e1 \u00cdslandi, \u00ed samvinnu vi\u00f0 Enterprise Europe Network og N\u00fdsk\u00f6punarmi\u00f0st\u00f6\u00f0 \u00cdslands, kynna uppl\u00fdsinga\u2013 og tengsla fund \u00feann <b>28 mars kl 16:00 \u00ed sendirherrab\u00fasta\u00f0num \u00e1 M\u00e1nag\u00f6tu 5, 8. h\u00e6\u00f0<\/b>. Fjalla\u00f0 ver\u00f0ur um SelectUSA og \u00fe\u00e1 \u00fej\u00f3nustu sem erlendum fyrirt\u00e6kjum og fj\u00e1rfestum b\u00fd\u00f0st sem stefna \u00e1 Bandar\u00edkjamarka\u00f0, og ums\u00f3knarferli\u00f0 fyrir <b>SelectUSA Summit 2017 <\/b>sem ver\u00f0ur haldi\u00f0 \u00ed Washington \u00ed j\u00fan\u00ed.<\/p>\n<p>N\u00e1nari dagskr\u00e1 og skr\u00e1ning \u00e1 s\u00ed\u00f0u <a href=\"http:\/\/www.nmi.is\/frettir\/2017\/03\/stefnir-thitt-fyrirtaeki-a-bandarikjamarkad\/\" target=\"_blank\" rel=\"noopener\">N\u00fdsk\u00f6punarmi\u00f0st\u00f6\u00f0var \u00cdslands<\/a>.<\/p>","protected":false},"excerpt":{"rendered":"<p>Sendir\u00e1\u00f0 Bandar\u00edkjanna \u00e1 \u00cdslandi, \u00ed samvinnu vi\u00f0 Enterprise Europe Network og N\u00fdsk\u00f6punarmi\u00f0st\u00f6\u00f0 \u00cdslands, kynna uppl\u00fdsinga\u2013 og tengsla fund \u00feann 28 mars kl 16:00 \u00ed sendirherrab\u00fasta\u00f0num \u00e1 M\u00e1nag\u00f6tu 5, 8. h\u00e6\u00f0. [&hellip;]<\/p>\n","protected":false},"author":4,"featured_media":212,"comment_status":"closed","ping_status":"open","sticky":false,"template":"","format":"standard","meta":{"_acf_changed":false,"footnotes":""},"categories":[13],"tags":[],"class_list":["post-211","post","type-post","status-publish","format-standard","has-post-thumbnail","hentry","category-frettir"],"acf":[],"_links":{"self":[{"href":"https:\/\/een.is\/en\/wp-json\/wp\/v2\/posts\/211","targetHints":{"allow":["GET"]}}],"collection":[{"href":"https:\/\/een.is\/en\/wp-json\/wp\/v2\/posts"}],"about":[{"href":"https:\/\/een.is\/en\/wp-json\/wp\/v2\/types\/post"}],"author":[{"embeddable":true,"href":"https:\/\/een.is\/en\/wp-json\/wp\/v2\/users\/4"}],"replies":[{"embeddable":true,"href":"https:\/\/een.is\/en\/wp-json\/wp\/v2\/comments?post=211"}],"version-history":[{"count":0,"href":"https:\/\/een.is\/en\/wp-json\/wp\/v2\/posts\/211\/revisions"}],"wp:featuredmedia":[{"embeddable":true,"href":"https:\/\/een.is\/en\/wp-json\/wp\/v2\/media\/212"}],"wp:attachment":[{"href":"https:\/\/een.is\/en\/wp-json\/wp\/v2\/media?parent=211"}],"wp:term":[{"taxonomy":"category","embeddable":true,"href":"https:\/\/een.is\/en\/wp-json\/wp\/v2\/categories?post=211"},{"taxonomy":"post_tag","embeddable":true,"href":"https:\/\/een.is\/en\/wp-json\/wp\/v2\/tags?post=211"}],"curies":[{"name":"wp","href":"https:\/\/api.w.org\/{rel}","templated":true}]}}