{"id":2088,"date":"2025-08-05T15:30:22","date_gmt":"2025-08-05T15:30:22","guid":{"rendered":"https:\/\/een.is\/?p=2088"},"modified":"2025-08-06T13:29:27","modified_gmt":"2025-08-06T13:29:27","slug":"european-geothermal-congress-2025","status":"publish","type":"post","link":"https:\/\/een.is\/en\/european-geothermal-congress-2025\/","title":{"rendered":"European Geothermal Congress 2025"},"content":{"rendered":"<div data-elementor-type=\"wp-post\" data-elementor-id=\"2088\" class=\"elementor elementor-2088\" data-elementor-post-type=\"post\">\n\t\t\t\t<div class=\"elementor-element elementor-element-0cf12c5 e-flex e-con-boxed e-con e-parent\" data-id=\"0cf12c5\" data-element_type=\"container\" data-e-type=\"container\">\n\t\t\t\t\t<div class=\"e-con-inner\">\n\t\t\t\t<div class=\"elementor-element elementor-element-ea9aec1 elementor-widget elementor-widget-text-editor\" data-id=\"ea9aec1\" data-element_type=\"widget\" data-e-type=\"widget\" data-widget_type=\"text-editor.default\">\n\t\t\t\t<div class=\"elementor-widget-container\">\n\t\t\t\t\t\t\t\t\t<p data-start=\"313\" data-end=\"364\"><strong data-start=\"313\" data-end=\"364\">6.\u20138. okt\u00f3ber 2025 \u00ed Kongresshaus Z\u00fcrich, Sviss<\/strong><\/p><p data-start=\"366\" data-end=\"611\">\u00c1 <strong data-start=\"392\" data-end=\"435\">European Geothermal Congress (EGC) 2025<\/strong>\u00a0 ver\u00f0ur s\u00e9rstakur hli\u00f0arvi\u00f0bur\u00f0ur, <strong data-start=\"468\" data-end=\"508\">tengslar\u00e1\u00f0stefna (matchmaking event, 1:1 meetings)<\/strong> sem haldin ver\u00f0ur dagana <strong data-start=\"534\" data-end=\"559\">7. og 8. okt\u00f3ber 2025<\/strong> \u00ed <strong data-start=\"562\" data-end=\"585\">Kongresshaus Z\u00fcrich<\/strong>, \u00ed mi\u00f0borg Z\u00fcrich, Sviss.<\/p><h3 data-start=\"613\" data-end=\"638\">Um tengslar\u00e1\u00f0stefnuna<\/h3><p data-start=\"640\" data-end=\"896\">Tengslar\u00e1\u00f0stefnan er hluti af formlegri dagskr\u00e1 EGC 2025 og er skipul\u00f6g\u00f0 me\u00f0 \u00fea\u00f0 a\u00f0 markmi\u00f0i a\u00f0 au\u00f0velda markvissa tengslamyndun og samstarf milli lykila\u00f0ila \u00ed jar\u00f0varmageiranum, allt fr\u00e1 fyrirt\u00e6kjum og fj\u00e1rfestum til rannsakenda, r\u00e1\u00f0amanna og frumkv\u00f6\u00f0la.<\/p><p data-start=\"898\" data-end=\"941\">Me\u00f0 \u00fev\u00ed a\u00f0 taka \u00fe\u00e1tt f\u00e6r\u00f0u t\u00e6kif\u00e6ri til a\u00f0:<\/p><ul data-start=\"943\" data-end=\"1283\"><li data-start=\"943\" data-end=\"1028\"><p data-start=\"945\" data-end=\"1028\"><strong data-start=\"945\" data-end=\"969\">B\u00f3ka fyrirfram fundi<\/strong> me\u00f0 \u00f6\u00f0rum \u00fe\u00e1tttakendum \u00ed gegnum stafr\u00e6nt skr\u00e1ningarkerfi<\/p><\/li><li data-start=\"1029\" data-end=\"1116\"><p data-start=\"1031\" data-end=\"1116\"><strong data-start=\"1031\" data-end=\"1064\">Kynnast n\u00fdjum samstarfsa\u00f0ilum<\/strong> og vi\u00f0skiptavinum innan evr\u00f3pska jar\u00f0varmageirans<\/p><\/li><li data-start=\"1117\" data-end=\"1184\"><p data-start=\"1119\" data-end=\"1184\"><strong data-start=\"1119\" data-end=\"1182\">Sko\u00f0a m\u00f6guleika \u00e1 fj\u00e1rm\u00f6gnun, n\u00fdsk\u00f6pun og samvinnuverkefnum<\/strong><\/p><\/li><li data-start=\"1185\" data-end=\"1283\"><p data-start=\"1187\" data-end=\"1283\"><strong data-start=\"1187\" data-end=\"1245\">F\u00e1 d\u00fdrm\u00e6ta inns\u00fdn \u00ed \u00fer\u00f3un, stefnum\u00f3tun og n\u00fdjustu t\u00e6kni<\/strong> \u00e1 svi\u00f0i jar\u00f0varma og sj\u00e1lfb\u00e6rrar orku<\/p><\/li><\/ul><p data-start=\"1285\" data-end=\"1470\">Tengslar\u00e1\u00f0stefnan er opin \u00f6llum skr\u00e1\u00f0um \u00fe\u00e1tttakendum EGC og er fr\u00e1b\u00e6r vi\u00f0b\u00f3t fyrir \u00fe\u00e1 sem vilja n\u00fdta t\u00edmann til fulls og efla sitt tengslanet innan evr\u00f3psks orku- og jar\u00f0varmasamf\u00e9lags.<\/p><h3 data-start=\"1632\" data-end=\"1651\">Um sta\u00f0setningu<\/h3><p data-start=\"1653\" data-end=\"1892\">Vi\u00f0bur\u00f0urinn fer fram \u00ed <strong data-start=\"1677\" data-end=\"1700\">Kongresshaus Z\u00fcrich<\/strong>, gl\u00e6silegu r\u00e1\u00f0stefnuh\u00fasi vi\u00f0 str\u00f6nd Z\u00fcrich vatnsins.\u00a0<\/p><hr data-start=\"1894\" data-end=\"1897\" \/><h3 data-start=\"1899\" data-end=\"1998\">Hvetjum alla \u00fe\u00e1tttakendur EGC 2025 til a\u00f0 n\u00fdta \u00feetta einstaka t\u00e6kif\u00e6ri til samstarfs og vaxtar<\/h3><p data-start=\"2000\" data-end=\"2106\"><a href=\"https:\/\/www.b2match.com\/e\/egc-registration\" target=\"_blank\" rel=\"noopener\">N\u00e1nari uppl\u00fdsingar og skr\u00e1ning \u00e1 vefs\u00ed\u00f0u vi\u00f0bur\u00f0arins.<\/a><br \/><br \/><a href=\"http:\/\/een.is\/en\/fyrirtaekjastefnumot\/\">Hva\u00f0 er tengslar\u00e1\u00f0stefna e\u00f0a fyrirt\u00e6kjastefnum\u00f3t<\/a><\/p>\t\t\t\t\t\t\t\t<\/div>\n\t\t\t\t<\/div>\n\t\t\t\t\t<\/div>\n\t\t\t\t<\/div>\n\t\t\t\t<\/div>","protected":false},"excerpt":{"rendered":"<p>6.\u20138. okt\u00f3ber 2025 \u00ed Kongresshaus Z\u00fcrich, Sviss \u00c1 European Geothermal Congress (EGC) 2025\u00a0 ver\u00f0ur s\u00e9rstakur hli\u00f0arvi\u00f0bur\u00f0ur, tengslar\u00e1\u00f0stefna (matchmaking event, 1:1 meetings) sem haldin ver\u00f0ur dagana 7. og 8. okt\u00f3ber 2025 [&hellip;]<\/p>\n","protected":false},"author":4,"featured_media":2089,"comment_status":"closed","ping_status":"closed","sticky":false,"template":"","format":"standard","meta":{"_acf_changed":false,"footnotes":""},"categories":[13],"tags":[],"class_list":["post-2088","post","type-post","status-publish","format-standard","has-post-thumbnail","hentry","category-frettir"],"acf":[],"_links":{"self":[{"href":"https:\/\/een.is\/en\/wp-json\/wp\/v2\/posts\/2088","targetHints":{"allow":["GET"]}}],"collection":[{"href":"https:\/\/een.is\/en\/wp-json\/wp\/v2\/posts"}],"about":[{"href":"https:\/\/een.is\/en\/wp-json\/wp\/v2\/types\/post"}],"author":[{"embeddable":true,"href":"https:\/\/een.is\/en\/wp-json\/wp\/v2\/users\/4"}],"replies":[{"embeddable":true,"href":"https:\/\/een.is\/en\/wp-json\/wp\/v2\/comments?post=2088"}],"version-history":[{"count":9,"href":"https:\/\/een.is\/en\/wp-json\/wp\/v2\/posts\/2088\/revisions"}],"predecessor-version":[{"id":2100,"href":"https:\/\/een.is\/en\/wp-json\/wp\/v2\/posts\/2088\/revisions\/2100"}],"wp:featuredmedia":[{"embeddable":true,"href":"https:\/\/een.is\/en\/wp-json\/wp\/v2\/media\/2089"}],"wp:attachment":[{"href":"https:\/\/een.is\/en\/wp-json\/wp\/v2\/media?parent=2088"}],"wp:term":[{"taxonomy":"category","embeddable":true,"href":"https:\/\/een.is\/en\/wp-json\/wp\/v2\/categories?post=2088"},{"taxonomy":"post_tag","embeddable":true,"href":"https:\/\/een.is\/en\/wp-json\/wp\/v2\/tags?post=2088"}],"curies":[{"name":"wp","href":"https:\/\/api.w.org\/{rel}","templated":true}]}}