{"id":2016,"date":"2025-04-28T12:54:41","date_gmt":"2025-04-28T12:54:41","guid":{"rendered":"https:\/\/een.is\/?p=2016"},"modified":"2025-04-28T14:13:03","modified_gmt":"2025-04-28T14:13:03","slug":"nyskopunarvikan-innovation-week-2025","status":"publish","type":"post","link":"https:\/\/een.is\/en\/nyskopunarvikan-innovation-week-2025\/","title":{"rendered":"N\u00fdsk\u00f6punarvikan &#8211; Innovation Week 2025"},"content":{"rendered":"<div data-elementor-type=\"wp-post\" data-elementor-id=\"2016\" class=\"elementor elementor-2016\" data-elementor-post-type=\"post\">\n\t\t\t\t<div class=\"elementor-element elementor-element-71c08e7 e-flex e-con-boxed e-con e-parent\" data-id=\"71c08e7\" data-element_type=\"container\" data-e-type=\"container\">\n\t\t\t\t\t<div class=\"e-con-inner\">\n\t\t\t\t<div class=\"elementor-element elementor-element-19b613c elementor-widget elementor-widget-text-editor\" data-id=\"19b613c\" data-element_type=\"widget\" data-e-type=\"widget\" data-widget_type=\"text-editor.default\">\n\t\t\t\t<div class=\"elementor-widget-container\">\n\t\t\t\t\t\t\t\t\t<p><b>Innovate and Elevate! &#8211; Funding, Founders and Fun<\/b>\u00a0er vi\u00f0bur\u00f0ur sem <a href=\"http:\/\/rannis.is\" target=\"_blank\" rel=\"noopener\">Rann\u00eds<\/a>, <a href=\"https:\/\/www.rannis.is\/sjodir\/rannsoknir\/taeknithrounarsjodur\/\" target=\"_blank\" rel=\"noopener\">T\u00e6kni\u00fer\u00f3unarsj\u00f3\u00f0ur<\/a> og Enterprise Europe Network standa fyrir \u00ed N\u00fdsk\u00f6punarvikunni. N\u00fdsk\u00f6punarvikan fer fram dagana 12. til 16. ma\u00ed.\u00a0<\/p><p><b>Vi\u00f0bur\u00f0urinn\u00a0<\/b><span style=\"font-weight: bold;\">Innovate and Elevate! &#8211; Funding, Founders and Fun ver\u00f0ur:\u00a0<\/span>Mi\u00f0vikudaginn 14. ma\u00ed kl. 12:15 til 13:15\u00a0<a style=\"background-color: #ffffff;\" href=\"https:\/\/maps.app.goo.gl\/NtjhFptrn1mqKa4B6\" target=\"_blank\" rel=\"noopener\">\u00ed Pop-up r\u00fdmi N\u00fdsk\u00f6punarvikunnar \u00e1 Hafnartorgi\u00a0<\/a><\/p>\t\t\t\t\t\t\t\t<\/div>\n\t\t\t\t<\/div>\n\t\t\t\t<div class=\"elementor-element elementor-element-d646b54 elementor-widget elementor-widget-text-editor\" data-id=\"d646b54\" data-element_type=\"widget\" data-e-type=\"widget\" data-widget_type=\"text-editor.default\">\n\t\t\t\t<div class=\"elementor-widget-container\">\n\t\t\t\t\t\t\t\t\t<p>\u00c1 dagskr\u00e1 ver\u00f0a fr\u00e1sagnir fr\u00e1 frumkv\u00f6\u00f0lum, gagnlegar\u00a0uppl\u00fdsingar fr\u00e1 s\u00e9rfr\u00e6\u00f0ingum var\u00f0andi styrkjarpr\u00f3gr\u00f6mm og t\u00e6kif\u00e6ri til tengslamyndunar. Hvort sem \u00fe\u00fa ert frumkv\u00f6\u00f0ull, fj\u00e1rfestir e\u00f0a hefur einfaldlega \u00e1huga \u00e1 n\u00fdsk\u00f6pun, \u00fe\u00e1 b\u00fd\u00f0ur vi\u00f0bur\u00f0urinn upp \u00e1 hagn\u00fdta \u00feekkingu og n\u00fdja s\u00fdn.\u00a0<\/p><p><strong>\u00a0\u00c1 vi\u00f0bur\u00f0inum koma fram:\u00a0<\/strong><\/p><ul><li><strong>Svand\u00eds Unnur Sigur\u00f0ard\u00f3ttir<\/strong>, teymissj\u00f3ri n\u00fdsk\u00f6punarteymis hj\u00e1 Rann\u00eds\u00a0<\/li><li><strong>Kristj\u00e1n Einarsson<\/strong>, CMO at Treble Technologies\u00a0<\/li><li><strong>Sunna \u00d3lafsd\u00f3ttir Wallevik<\/strong>, CEO of Gerosion\u00a0<\/li><li><strong>Sig\u00fer\u00fa\u00f0ur Gu\u00f0nad\u00f3ttir<\/strong>, s\u00e9rfr\u00e6\u00f0ingur hj\u00e1 Rann\u00eds og Enterprise Europe Network\u00a0<\/li><\/ul><p>Bo\u00f0i\u00f0 ver\u00f0ur upp \u00e1 l\u00e9ttan h\u00e1degiver\u00f0 \u00e1 me\u00f0an vi\u00f0bur\u00f0inum stendur.\u00a0<\/p><p>Vi\u00f0bur\u00f0urinn mun fara fram \u00e1 ensku.<\/p><p>\u00d6ll velkomin \u00e1 vi\u00f0bur\u00f0inn en nau\u00f0synlegt er a\u00f0 skr\u00e1 sig fyrir \u00e1\u00e6tlun veitinga.<\/p>\t\t\t\t\t\t\t\t<\/div>\n\t\t\t\t<\/div>\n\t\t\t\t\t<\/div>\n\t\t\t\t<\/div>\n\t\t<div class=\"elementor-element elementor-element-aa78631 e-flex e-con-boxed e-con e-parent\" data-id=\"aa78631\" data-element_type=\"container\" data-e-type=\"container\">\n\t\t\t\t\t<div class=\"e-con-inner\">\n\t\t\t\t<div class=\"elementor-element elementor-element-c516fa1 elementor-widget elementor-widget-button\" data-id=\"c516fa1\" data-element_type=\"widget\" data-e-type=\"widget\" data-widget_type=\"button.default\">\n\t\t\t\t<div class=\"elementor-widget-container\">\n\t\t\t\t\t\t\t\t\t<div class=\"elementor-button-wrapper\">\n\t\t\t\t\t<a class=\"elementor-button elementor-button-link elementor-size-sm\" href=\"https:\/\/forms.office.com\/pages\/responsepage.aspx?id=bTBKdmgKrUWfB28YBER81ARX6ASfc1xCsK2fV6g3CWVUNDFMUVNDVUdPNzZUSEVQNkhXMTNKRlRBNS4u&#038;route=shorturl\" target=\"_blank\" rel=\"noopener\">\n\t\t\t\t\t\t<span class=\"elementor-button-content-wrapper\">\n\t\t\t\t\t\t\t\t\t<span class=\"elementor-button-text\">Skr\u00e1ning \u00e1 vefs\u00ed\u00f0u Rann\u00eds<\/span>\n\t\t\t\t\t<\/span>\n\t\t\t\t\t<\/a>\n\t\t\t\t<\/div>\n\t\t\t\t\t\t\t\t<\/div>\n\t\t\t\t<\/div>\n\t\t\t\t\t<\/div>\n\t\t\t\t<\/div>\n\t\t\t\t<\/div>","protected":false},"excerpt":{"rendered":"<p>Innovate and Elevate! &#8211; Funding, Founders and Fun\u00a0er vi\u00f0bur\u00f0ur sem Rann\u00eds, T\u00e6kni\u00fer\u00f3unarsj\u00f3\u00f0ur og Enterprise Europe Network standa fyrir \u00ed N\u00fdsk\u00f6punarvikunni. N\u00fdsk\u00f6punarvikan fer fram dagana 12. til 16. ma\u00ed.\u00a0 Vi\u00f0bur\u00f0urinn\u00a0Innovate and [&hellip;]<\/p>\n","protected":false},"author":4,"featured_media":2018,"comment_status":"closed","ping_status":"closed","sticky":false,"template":"","format":"standard","meta":{"_acf_changed":false,"footnotes":""},"categories":[13],"tags":[],"class_list":["post-2016","post","type-post","status-publish","format-standard","has-post-thumbnail","hentry","category-frettir"],"acf":[],"_links":{"self":[{"href":"https:\/\/een.is\/en\/wp-json\/wp\/v2\/posts\/2016","targetHints":{"allow":["GET"]}}],"collection":[{"href":"https:\/\/een.is\/en\/wp-json\/wp\/v2\/posts"}],"about":[{"href":"https:\/\/een.is\/en\/wp-json\/wp\/v2\/types\/post"}],"author":[{"embeddable":true,"href":"https:\/\/een.is\/en\/wp-json\/wp\/v2\/users\/4"}],"replies":[{"embeddable":true,"href":"https:\/\/een.is\/en\/wp-json\/wp\/v2\/comments?post=2016"}],"version-history":[{"count":16,"href":"https:\/\/een.is\/en\/wp-json\/wp\/v2\/posts\/2016\/revisions"}],"predecessor-version":[{"id":2035,"href":"https:\/\/een.is\/en\/wp-json\/wp\/v2\/posts\/2016\/revisions\/2035"}],"wp:featuredmedia":[{"embeddable":true,"href":"https:\/\/een.is\/en\/wp-json\/wp\/v2\/media\/2018"}],"wp:attachment":[{"href":"https:\/\/een.is\/en\/wp-json\/wp\/v2\/media?parent=2016"}],"wp:term":[{"taxonomy":"category","embeddable":true,"href":"https:\/\/een.is\/en\/wp-json\/wp\/v2\/categories?post=2016"},{"taxonomy":"post_tag","embeddable":true,"href":"https:\/\/een.is\/en\/wp-json\/wp\/v2\/tags?post=2016"}],"curies":[{"name":"wp","href":"https:\/\/api.w.org\/{rel}","templated":true}]}}