{"id":1940,"date":"2024-10-01T11:08:37","date_gmt":"2024-10-01T11:08:37","guid":{"rendered":"https:\/\/een.is\/?p=1940"},"modified":"2025-06-24T15:04:29","modified_gmt":"2025-06-24T15:04:29","slug":"thetta-byrjar-allt-a-godri-hugmynd","status":"publish","type":"post","link":"https:\/\/een.is\/en\/thetta-byrjar-allt-a-godri-hugmynd\/","title":{"rendered":"\u00deetta byrjar allt \u00e1 g\u00f3\u00f0ri hugmynd. Nokkur g\u00f3\u00f0 r\u00e1\u00f0."},"content":{"rendered":"<div data-elementor-type=\"wp-post\" data-elementor-id=\"1940\" class=\"elementor elementor-1940\" data-elementor-post-type=\"post\">\n\t\t\t\t<div class=\"elementor-element elementor-element-3ae4497 e-flex e-con-boxed e-con e-parent\" data-id=\"3ae4497\" data-element_type=\"container\" data-e-type=\"container\">\n\t\t\t\t\t<div class=\"e-con-inner\">\n\t\t\t\t<div class=\"elementor-element elementor-element-99be559 elementor-widget elementor-widget-text-editor\" data-id=\"99be559\" data-element_type=\"widget\" data-e-type=\"widget\" data-widget_type=\"text-editor.default\">\n\t\t\t\t<div class=\"elementor-widget-container\">\n\t\t\t\t\t\t\t\t\t<div class=\"summary\"><p>M\u00e1l\u00feing um \u00e1vinning \u00edslenskra \u00fe\u00e1tttakenda \u00ed evr\u00f3pskum ranns\u00f3kna- og n\u00fdsk\u00f6punar\u00e1\u00e6tlunum var haldi\u00f0 \u00ed september 2024.<\/p><\/div><p>Al\u00fej\u00f3\u00f0asvi\u00f0 Rann\u00eds st\u00f3\u00f0 a\u00f0 m\u00e1l\u00feinginu og var \u00e1herslan \u00e1 \u00fe\u00e6r evr\u00f3psku ramma\u00e1\u00e6tlanir sem h\u00fdstar eru hj\u00e1 Rann\u00eds (Horizon Europe, Life og Digital Europe, auk \u00fej\u00f3nustu EEN).<\/p><p>M\u00e1l\u00feingi\u00f0 var hugsa\u00f0 sem st\u00f6\u00f0utaka \u00e1 \u00e1rangri \u00cdslands fyrstu \u00ferj\u00fa \u00e1r ramma\u00e1\u00e6tlunarinnar og sem vettvangur fyrir \u00fe\u00e1tttakendur og m\u00f6gulega ums\u00e6kjendur \u00ed ramma\u00e1\u00e6tlanirnar a\u00f0 bera saman b\u00e6kur og kynnast.<\/p><p>S\u00fdnd voru myndb\u00f6nd me\u00f0 vi\u00f0t\u00f6lum vi\u00f0 nokkra \u00fe\u00e1tttakendur \u00far samstarfsverkefnum ESB \u00e1\u00e6tlana. H\u00e6gt er a\u00f0 sko\u00f0a \u00feau \u00e1<a href=\"https:\/\/www.youtube.com\/playlist?list=PLeM_UHGUqVy-U9r0UZj5CdqMhQKNIu9Xu\" target=\"_blank\" rel=\"noopener\"> YouTube r\u00e1s Rann\u00eds<\/a>. H\u00e9r a\u00f0 ne\u00f0an er \u00f6rmyndband me\u00f0 v\u00f6ldum r\u00e1\u00f0um fr\u00e1 eftirfarandi \u00fe\u00e1tttakendum og hlekkir \u00e1 st\u00f6k vi\u00f0t\u00f6l:<\/p><ol><li>Life \u00e1\u00e6tlun &#8211; stu\u00f0ningur vi\u00f0 orkuskipti:\u00a0 <a href=\"https:\/\/youtu.be\/GYFdPgFVAJ4?si=tfkzC_MJi7-desRP\" target=\"_blank\" rel=\"noopener\"><strong>Ott\u00f3 El\u00edasson,<\/strong><\/a> framkv\u00e6mdastj\u00f3ri Eims. Verkefni\u00f0: RECEO<\/li><li>Digital Europe: <strong><a href=\"https:\/\/youtu.be\/LKq5gDDSiUE?si=R2NbCJkdYGQH_mwP\" target=\"_blank\" rel=\"noopener\">Ingvar Kristinsson<\/a>,<\/strong> framkv\u00e6mdastj\u00f3ri Athugana- og uppl\u00fdsingat\u00e6knisvi\u00f0s Ve\u00f0urstofu \u00cdslands. Verkefni\u00f0: RODEO<\/li><li>Horizon Europe &#8211; Loftslagsm\u00e1l, orka og samg\u00f6ngur: <strong><a href=\"https:\/\/youtu.be\/DKfbshgxv8Q?si=5gdq4MBwzzPtRXVF\" target=\"_blank\" rel=\"noopener\">Egill Sk\u00falason<\/a>,<\/strong> pr\u00f3fessor \u00ed efnaverkfr\u00e6\u00f0i vi\u00f0 H\u00e1sk\u00f3la \u00cdslands og verkefnastj\u00f3ri VERGE.<br \/><a href=\"https:\/\/youtu.be\/DKfbshgxv8Q?si=5gdq4MBwzzPtRXVF\" target=\"_blank\" rel=\"noopener\"><strong>Helga D\u00f6gg Flosad\u00f3ttir<\/strong><\/a>, framkv\u00e6mdastj\u00f3ri Atmonia.<\/li><li>Horizon Europe &#8211; F\u00e9lags- og hugv\u00edsindi: <a href=\"https:\/\/youtu.be\/lEYUZn4gB-w?si=lG7AE9JBQxY2COP-\" target=\"_blank\" rel=\"noopener\"><strong>Maximilian Conrad<\/strong>,<\/a> pr\u00f3fessor vi\u00f0 Stj\u00f3rnm\u00e1lafr\u00e6\u00f0ideild H\u00e1sk\u00f3la \u00cdslands og verkefnastj\u00f3ri RECLAIM.<\/li><li>Horizon Europe &#8211; Heilbrig\u00f0isv\u00edsindi: <a href=\"https:\/\/youtu.be\/o36sHOo9e7c?si=WZ_XENIUhpqDeSxQ\" target=\"_blank\" rel=\"noopener\"><strong>Paolo Gargiulo<\/strong>,<\/a> pr\u00f3fessor vi\u00f0 Verkfr\u00e6\u00f0ideild H\u00e1sk\u00f3lans \u00ed Reykjav\u00edk. Verkefni\u00f0: SINPAIN.<\/li><li>Horizon Europe &#8211; F\u00e9lags- og hugv\u00edsindi: <a href=\"https:\/\/youtu.be\/cF5jrtXtrtw?si=2NTBSJ7Qglgqx0pR\" target=\"_blank\" rel=\"noopener\"><strong>Erna Gu\u00f0r\u00fan Kaaber<\/strong>,<\/a> s\u00e9rfr\u00e6\u00f0ingur hj\u00e1 H\u00e1sk\u00f3lanum \u00e1 Bifr\u00f6st. Verkefni\u00f0: INSITU<\/li><\/ol>\t\t\t\t\t\t\t\t<\/div>\n\t\t\t\t<\/div>\n\t\t\t\t\t<\/div>\n\t\t\t\t<\/div>\n\t\t<div class=\"elementor-element elementor-element-136c749 e-flex e-con-boxed e-con e-parent\" data-id=\"136c749\" data-element_type=\"container\" data-e-type=\"container\">\n\t\t\t\t\t<div class=\"e-con-inner\">\n\t\t\t\t<div class=\"elementor-element elementor-element-3dbe31b elementor-widget elementor-widget-video\" data-id=\"3dbe31b\" data-element_type=\"widget\" data-e-type=\"widget\" data-settings=\"{&quot;video_type&quot;:&quot;hosted&quot;,&quot;controls&quot;:&quot;yes&quot;}\" data-widget_type=\"video.default\">\n\t\t\t\t<div class=\"elementor-widget-container\">\n\t\t\t\t\t\t\t<div class=\"e-hosted-video elementor-wrapper elementor-open-inline\">\n\t\t\t\t\t<video class=\"elementor-video\" src=\"https:\/\/een.is\/wp-content\/uploads\/2022\/01\/3_video_rannis_26_9_2024.mp4\" controls=\"\" preload=\"metadata\" controlslist=\"nodownload\"><\/video>\n\t\t\t\t<\/div>\n\t\t\t\t\t\t<\/div>\n\t\t\t\t<\/div>\n\t\t\t\t\t<\/div>\n\t\t\t\t<\/div>\n\t\t\t\t<\/div>","protected":false},"excerpt":{"rendered":"<p>M\u00e1l\u00feing um \u00e1vinning \u00edslenskra \u00fe\u00e1tttakenda \u00ed evr\u00f3pskum ranns\u00f3kna- og n\u00fdsk\u00f6punar\u00e1\u00e6tlunum var haldi\u00f0 \u00ed september 2024. Al\u00fej\u00f3\u00f0asvi\u00f0 Rann\u00eds st\u00f3\u00f0 a\u00f0 m\u00e1l\u00feinginu og var \u00e1herslan \u00e1 \u00fe\u00e6r evr\u00f3psku ramma\u00e1\u00e6tlanir sem h\u00fdstar eru [&hellip;]<\/p>\n","protected":false},"author":4,"featured_media":1559,"comment_status":"closed","ping_status":"closed","sticky":false,"template":"","format":"standard","meta":{"_acf_changed":false,"footnotes":""},"categories":[7],"tags":[25,21],"class_list":["post-1940","post","type-post","status-publish","format-standard","has-post-thumbnail","hentry","category-arangurssogur","tag-eencanhelp","tag-innovation"],"acf":[],"_links":{"self":[{"href":"https:\/\/een.is\/en\/wp-json\/wp\/v2\/posts\/1940","targetHints":{"allow":["GET"]}}],"collection":[{"href":"https:\/\/een.is\/en\/wp-json\/wp\/v2\/posts"}],"about":[{"href":"https:\/\/een.is\/en\/wp-json\/wp\/v2\/types\/post"}],"author":[{"embeddable":true,"href":"https:\/\/een.is\/en\/wp-json\/wp\/v2\/users\/4"}],"replies":[{"embeddable":true,"href":"https:\/\/een.is\/en\/wp-json\/wp\/v2\/comments?post=1940"}],"version-history":[{"count":23,"href":"https:\/\/een.is\/en\/wp-json\/wp\/v2\/posts\/1940\/revisions"}],"predecessor-version":[{"id":2079,"href":"https:\/\/een.is\/en\/wp-json\/wp\/v2\/posts\/1940\/revisions\/2079"}],"wp:featuredmedia":[{"embeddable":true,"href":"https:\/\/een.is\/en\/wp-json\/wp\/v2\/media\/1559"}],"wp:attachment":[{"href":"https:\/\/een.is\/en\/wp-json\/wp\/v2\/media?parent=1940"}],"wp:term":[{"taxonomy":"category","embeddable":true,"href":"https:\/\/een.is\/en\/wp-json\/wp\/v2\/categories?post=1940"},{"taxonomy":"post_tag","embeddable":true,"href":"https:\/\/een.is\/en\/wp-json\/wp\/v2\/tags?post=1940"}],"curies":[{"name":"wp","href":"https:\/\/api.w.org\/{rel}","templated":true}]}}