{"id":1906,"date":"2025-01-07T15:48:57","date_gmt":"2025-01-07T15:48:57","guid":{"rendered":"https:\/\/een.is\/?p=1906"},"modified":"2025-01-07T16:15:52","modified_gmt":"2025-01-07T16:15:52","slug":"arid-2025","status":"publish","type":"post","link":"https:\/\/een.is\/en\/arid-2025\/","title":{"rendered":"\u00c1ri\u00f0 2025"},"content":{"rendered":"<div data-elementor-type=\"wp-post\" data-elementor-id=\"1906\" class=\"elementor elementor-1906\" data-elementor-post-type=\"post\">\n\t\t\t\t<div class=\"elementor-element elementor-element-527ede7 e-flex e-con-boxed e-con e-parent\" data-id=\"527ede7\" data-element_type=\"container\" data-e-type=\"container\">\n\t\t\t\t\t<div class=\"e-con-inner\">\n\t\t\t\t<div class=\"elementor-element elementor-element-d86d3f5 elementor-widget elementor-widget-text-editor\" data-id=\"d86d3f5\" data-element_type=\"widget\" data-e-type=\"widget\" data-widget_type=\"text-editor.default\">\n\t\t\t\t<div class=\"elementor-widget-container\">\n\t\t\t\t\t\t\t\t\t<p>\u00cd upphafi \u00e1rs er gaman a\u00f0 setjast ni\u00f0ur l\u00edta yfir farinn veg og horfa fram \u00e1 vi\u00f0. \u00dea\u00f0 getur jafnvel veri\u00f0 \u00e1g\u00e6tt a\u00f0 byrja \u00e1 a\u00f0 telja rau\u00f0u dagana \u00e1 dagatalinu! S\u00ed\u00f0an m\u00e1 fikra sig \u00e1fram og athuga hva\u00f0 okkur langar a\u00f0 gera \u00e1 n\u00fdju \u00e1ri. \u00dea\u00f0 m\u00e1 athuga hva\u00f0 heppna\u00f0ist vel e\u00f0a hva\u00f0 m\u00e1 gera betur o.s.frv. Ef hugurinn leitar \u00fat fyrir landssteinana \u00fe\u00e1 hvetjum vi\u00f0 \u00feig til a\u00f0 missa ekki af t\u00e6kif\u00e6runum sem b\u00ed\u00f0a fyrirt\u00e6kis \u00fe\u00edns og fylgjast me\u00f0 \u00e1 vefs\u00ed\u00f0um Rann\u00eds og Enterprise Europe Network.<\/p><p>Hvert sem lei\u00f0in liggur \u00fe\u00e1 er oft nefnt a\u00f0 til a\u00f0 n\u00e1 \u00e1rangri s\u00e9 gott a\u00f0 setja s\u00e9r sk\u00fdr og framkv\u00e6manleg markmi\u00f0. Markmi\u00f0in skulu mi\u00f0a a\u00f0 vexti \u00ed einhverri mynd og n\u00e1 yfir tilteki\u00f0 t\u00edmabil e\u00f0a landfr\u00e6\u00f0ilegt sv\u00e6\u00f0i og fylgja eftir svokalla\u00f0ri SMART a\u00f0fer\u00f0. \u00dea\u00f0 er a\u00f0 segja, markmi\u00f0in \u00feurfa a\u00f0 vera sk\u00fdr, m\u00e6lanleg, a\u00f0ger\u00f0armi\u00f0u\u00f0, raunh\u00e6f og t\u00edmasett.<\/p><p>\u00cd upphafi er einnig gott a\u00f0 minna sig \u00e1 a\u00f0 allir s\u00e9rfr\u00e6\u00f0ingar voru einu sinni byrjendur og a\u00f0 \u00e1rangurinn liggur \u00ed oft litlu venjunum. \u00dea\u00f0 er jafnvel h\u00e6gt a\u00f0 byrja a\u00f0 fylgjast me\u00f0 og leita s\u00e9r r\u00e1\u00f0gjafar. Ef \u00fe\u00fa \u00e6tlar a\u00f0 gera betur \u00ed einhverjum a\u00f0 ne\u00f0angreindu atri\u00f0unum, \u00fe\u00e1 er velkomi\u00f0 a\u00f0 hafa <a href=\"https:\/\/een.is\/en\/hafa-samband\/\">samband<\/a>:<\/p><ul><li>auka vi\u00f0skipti \u00fe\u00edn \u00e1 erlendum marka\u00f0i?<\/li><li>s\u00e6kja um styrk \u00ed evr\u00f3pskan- e\u00f0a innlendum sj\u00f3\u00f0i?<\/li><li>endursko\u00f0a vi\u00f0skipta\u00e1\u00e6tlun?<\/li><li>b\u00e6ta seiglu?<\/li><li>b\u00e6ta stafr\u00e6na ferla e\u00f0a huga a\u00f0 sj\u00e1lfb\u00e6rari lausnum?<\/li><\/ul><p>Enterprise Europe Network getur hj\u00e1lpa\u00f0 \u00fe\u00e9r a\u00f0 komast \u00feanga\u00f0! Vi\u00f0 erum samstarfsnet sem n\u00e6r til 3000 s\u00e9rfr\u00e6\u00f0inga \u00ed fleiri en 40 l\u00f6ndum \u00ed \u00f6llum heims\u00e1lfum og veitum gjaldfrj\u00e1lsa \u00fej\u00f3nustu til l\u00edtilla og me\u00f0alst\u00f3rra fyrirt\u00e6kja sem og h\u00e1sk\u00f3la og opinbera a\u00f0ila sem eru \u00ed s\u00f3kn \u00e1 n\u00fdja marka\u00f0i.\u00a0<\/p>\t\t\t\t\t\t\t\t<\/div>\n\t\t\t\t<\/div>\n\t\t\t\t\t<\/div>\n\t\t\t\t<\/div>\n\t\t\t\t<\/div>","protected":false},"excerpt":{"rendered":"<p>\u00cd upphafi \u00e1rs er gaman a\u00f0 setjast ni\u00f0ur l\u00edta yfir farinn veg og horfa fram \u00e1 vi\u00f0. \u00dea\u00f0 getur jafnvel veri\u00f0 \u00e1g\u00e6tt a\u00f0 byrja \u00e1 a\u00f0 telja rau\u00f0u dagana \u00e1 [&hellip;]<\/p>\n","protected":false},"author":4,"featured_media":1907,"comment_status":"closed","ping_status":"closed","sticky":false,"template":"","format":"standard","meta":{"_acf_changed":false,"footnotes":""},"categories":[13],"tags":[],"class_list":["post-1906","post","type-post","status-publish","format-standard","has-post-thumbnail","hentry","category-frettir"],"acf":[],"_links":{"self":[{"href":"https:\/\/een.is\/en\/wp-json\/wp\/v2\/posts\/1906","targetHints":{"allow":["GET"]}}],"collection":[{"href":"https:\/\/een.is\/en\/wp-json\/wp\/v2\/posts"}],"about":[{"href":"https:\/\/een.is\/en\/wp-json\/wp\/v2\/types\/post"}],"author":[{"embeddable":true,"href":"https:\/\/een.is\/en\/wp-json\/wp\/v2\/users\/4"}],"replies":[{"embeddable":true,"href":"https:\/\/een.is\/en\/wp-json\/wp\/v2\/comments?post=1906"}],"version-history":[{"count":9,"href":"https:\/\/een.is\/en\/wp-json\/wp\/v2\/posts\/1906\/revisions"}],"predecessor-version":[{"id":1917,"href":"https:\/\/een.is\/en\/wp-json\/wp\/v2\/posts\/1906\/revisions\/1917"}],"wp:featuredmedia":[{"embeddable":true,"href":"https:\/\/een.is\/en\/wp-json\/wp\/v2\/media\/1907"}],"wp:attachment":[{"href":"https:\/\/een.is\/en\/wp-json\/wp\/v2\/media?parent=1906"}],"wp:term":[{"taxonomy":"category","embeddable":true,"href":"https:\/\/een.is\/en\/wp-json\/wp\/v2\/categories?post=1906"},{"taxonomy":"post_tag","embeddable":true,"href":"https:\/\/een.is\/en\/wp-json\/wp\/v2\/tags?post=1906"}],"curies":[{"name":"wp","href":"https:\/\/api.w.org\/{rel}","templated":true}]}}