{"id":1827,"date":"2024-10-15T10:31:08","date_gmt":"2024-10-15T10:31:08","guid":{"rendered":"https:\/\/een.is\/?p=1827"},"modified":"2024-10-15T13:12:55","modified_gmt":"2024-10-15T13:12:55","slug":"fra-vidskiptahugmynd-til-fjarmognunar","status":"publish","type":"post","link":"https:\/\/een.is\/en\/fra-vidskiptahugmynd-til-fjarmognunar\/","title":{"rendered":"N\u00e1mskei\u00f0: Fr\u00e1 vi\u00f0skiptahugmynd til fj\u00e1rm\u00f6gnunar"},"content":{"rendered":"<p>Master Class n\u00e1mskei\u00f0: Fr\u00e1 vi\u00f0skiptahugmynd til fj\u00e1rm\u00f6gnunar ver\u00f0ur \u00ed bo\u00f0i h\u00e9r \u00e1 \u00cdslandi fimmtudaginn 24. okt\u00f3ber n\u00e6stkomandi. N\u00e1mskei\u00f0i\u00f0 ver\u00f0ur haldi\u00f0 \u00ed Gr\u00f3sku kl. 10-14.<\/p>\n<p>Master Class n\u00e1mskei\u00f0i\u00f0 er \u00ed umsj\u00e1 Uffe Bundgaard-Joergensen, framkv\u00e6mdastj\u00f3ri <a href=\"https:\/\/www.gate2growth.com\/\" target=\"_blank\" rel=\"noopener\">Gate2Growth<\/a>.\u00a0<\/p>\n<p>Markmi\u00f0 n\u00e1mskei\u00f0sins er a\u00f0 lei\u00f0beina frumkv\u00f6\u00f0lum \u00ed gegnum lykil\u00fe\u00e6tti \u00ed ger\u00f0 \u00e1rangursr\u00edkrar vi\u00f0skipta\u00e1\u00e6tlunar og \u00f6flunar fj\u00e1rmagns. <br \/>Fjalla\u00f0 ver\u00f0ur um hvernig m\u00e1 sameina fj\u00e1rm\u00f6gnun \u00far einkageiranum me\u00f0 opinberum styrkjum, me\u00f0 s\u00e9rstakri \u00e1herslu \u00e1 styrki fr\u00e1 ESB, eins og fj\u00e1rm\u00f6gnunarlei\u00f0ir\u00a0EIC\u00a0\u00a0og\u00a0EU Innovation Fund.\u00a0\u00de\u00e1tttakendur munu l\u00e6ra hvernig h\u00e6gt er a\u00f0 n\u00fdta \u00feessa styrki til a\u00f0 br\u00faa bili\u00f0 \u00ed fj\u00e1rm\u00f6gnun og auka tr\u00faver\u00f0ugleika gagnvart fj\u00e1rfestum.<br \/>\u00de\u00e1tttakendur f\u00e1 a\u00f0gang a\u00f0 s\u00e9rsni\u00f0nu efni, \u00fear \u00e1 me\u00f0al gl\u00e6rum, vi\u00f0skipta\u00e1\u00e6tunum og \u00f6\u00f0ru efni fr\u00e1 Gate2Growth \u00ed \u00ferj\u00e1 m\u00e1nu\u00f0i.<\/p>\n<p>A\u00f0 auki ver\u00f0a pers\u00f3nulegir r\u00e1\u00f0gjafat\u00edmar me\u00f0 Uffe \u00ed bo\u00f0i \u00ed byrjun e\u00f0a lok dags, \u00fear sem \u00fe\u00e1tttakendur f\u00e1 t\u00e6kif\u00e6ri til a\u00f0 f\u00e1 einstaklingsbundna endurgj\u00f6f.<br \/>Vi\u00f0bur\u00f0urinn hentar vel fyrir frumkv\u00f6\u00f0la sem vilja d\u00fdpka skilning sinn \u00e1 fj\u00e1rm\u00f6gnunarlei\u00f0um og \u00f6\u00f0last hagn\u00fdt verkf\u00e6ri til a\u00f0 koma vi\u00f0skiptahugmyndum s\u00ednum \u00ed framkv\u00e6md.<\/p>\n<p>Vi\u00f0bur\u00f0urinn er haldinn af Mi\u00f0st\u00f6\u00f0 starfr\u00e6nnar n\u00fdsk\u00f6punar \u00e1 \u00cdslandi &#8211;\u00a0<a title=\"EDIH \u00e1 \u00cdslandi (European Digital Innovation Hub) (Opnast \u00ed n\u00fdjum vafraglugga)\" href=\"https:\/\/www.edih.is\/\" target=\"_blank\" rel=\"noopener\">EDIH \u00e1 \u00cdslandi (European Digital Innovation Hub)<\/a>\u00a0\u00ed samstarfi vi\u00f0\u00a0<a title=\"EEN (Enterprise Europe Network). (Opnast \u00ed n\u00fdjum vafraglugga)\" href=\"https:\/\/een.is\/en\/\" target=\"_blank\" rel=\"noopener\">EEN \u00e1 \u00cdslandi (Enterprise Europe Network).<\/a><\/p>\n<p>Vi\u00f0bur\u00f0urinn er \u00f3keypis og fer fram \u00e1 ensku.<\/p>\n<p>Vinsamlegast athugi\u00f0 a\u00f0 takmarka\u00f0 pl\u00e1ss er \u00ed bo\u00f0i og \u00fev\u00ed naus\u00f0ynlegt a\u00f0 skr\u00e1 sig \u00ed gegnum vef<a href=\"https:\/\/www.rannis.is\/frettir\/fra-vidskiptahugmynd-til-fjarmognunar\" target=\"_blank\" rel=\"noopener\"> Rann\u00eds<\/a>.<\/p>\n<p>\t\t\t<a href=\"https:\/\/forms.office.com\/pages\/responsepage.aspx?id=bTBKdmgKrUWfB28YBER81K-nDRo89J9CpH-vjrH2Tt9UQjdBVkNLS0ZWRjQ2RjlaMUFFUFdCU1I5VS4u&#038;route=shorturl\" target=\"_blank\" rel=\"noopener\"><br \/>\n\t\t\t\t\t\t\t\t\tSkr\u00e1ning<br \/>\n\t\t\t\t\t<\/a><\/p>","protected":false},"excerpt":{"rendered":"<p>Master Class n\u00e1mskei\u00f0: Fr\u00e1 vi\u00f0skiptahugmynd til fj\u00e1rm\u00f6gnunar ver\u00f0ur \u00ed bo\u00f0i h\u00e9r \u00e1 \u00cdslandi fimmtudaginn 24. okt\u00f3ber n\u00e6stkomandi. N\u00e1mskei\u00f0i\u00f0 ver\u00f0ur haldi\u00f0 \u00ed Gr\u00f3sku kl. 10-14. Master Class n\u00e1mskei\u00f0i\u00f0 er \u00ed umsj\u00e1 [&hellip;]<\/p>\n","protected":false},"author":4,"featured_media":1862,"comment_status":"closed","ping_status":"closed","sticky":false,"template":"","format":"standard","meta":{"_acf_changed":false,"footnotes":""},"categories":[13],"tags":[25,26,21],"class_list":["post-1827","post","type-post","status-publish","format-standard","has-post-thumbnail","hentry","category-frettir","tag-eencanhelp","tag-funding","tag-innovation"],"acf":[],"_links":{"self":[{"href":"https:\/\/een.is\/en\/wp-json\/wp\/v2\/posts\/1827","targetHints":{"allow":["GET"]}}],"collection":[{"href":"https:\/\/een.is\/en\/wp-json\/wp\/v2\/posts"}],"about":[{"href":"https:\/\/een.is\/en\/wp-json\/wp\/v2\/types\/post"}],"author":[{"embeddable":true,"href":"https:\/\/een.is\/en\/wp-json\/wp\/v2\/users\/4"}],"replies":[{"embeddable":true,"href":"https:\/\/een.is\/en\/wp-json\/wp\/v2\/comments?post=1827"}],"version-history":[{"count":16,"href":"https:\/\/een.is\/en\/wp-json\/wp\/v2\/posts\/1827\/revisions"}],"predecessor-version":[{"id":1857,"href":"https:\/\/een.is\/en\/wp-json\/wp\/v2\/posts\/1827\/revisions\/1857"}],"wp:featuredmedia":[{"embeddable":true,"href":"https:\/\/een.is\/en\/wp-json\/wp\/v2\/media\/1862"}],"wp:attachment":[{"href":"https:\/\/een.is\/en\/wp-json\/wp\/v2\/media?parent=1827"}],"wp:term":[{"taxonomy":"category","embeddable":true,"href":"https:\/\/een.is\/en\/wp-json\/wp\/v2\/categories?post=1827"},{"taxonomy":"post_tag","embeddable":true,"href":"https:\/\/een.is\/en\/wp-json\/wp\/v2\/tags?post=1827"}],"curies":[{"name":"wp","href":"https:\/\/api.w.org\/{rel}","templated":true}]}}