{"id":1772,"date":"2024-08-09T10:24:11","date_gmt":"2024-08-09T10:24:11","guid":{"rendered":"https:\/\/een.is\/?p=1772"},"modified":"2024-08-09T12:05:11","modified_gmt":"2024-08-09T12:05:11","slug":"samstarf-og-arangur-defend-iceland","status":"publish","type":"post","link":"https:\/\/een.is\/en\/samstarf-og-arangur-defend-iceland\/","title":{"rendered":"Samstarf og \u00e1rangur Defend Iceland"},"content":{"rendered":"<div data-elementor-type=\"wp-post\" data-elementor-id=\"1772\" class=\"elementor elementor-1772\" data-elementor-post-type=\"post\">\n\t\t\t\t<div class=\"elementor-element elementor-element-ead6309 e-flex e-con-boxed e-con e-parent\" data-id=\"ead6309\" data-element_type=\"container\" data-e-type=\"container\">\n\t\t\t\t\t<div class=\"e-con-inner\">\n\t\t\t\t<div class=\"elementor-element elementor-element-3227ff7 elementor-widget elementor-widget-text-editor\" data-id=\"3227ff7\" data-element_type=\"widget\" data-e-type=\"widget\" data-widget_type=\"text-editor.default\">\n\t\t\t\t<div class=\"elementor-widget-container\">\n\t\t\t\t\t\t\t\t\t<p>\u00cdslenskt samf\u00e9lag hefur ekki fari\u00f0 varhluta af net\u00e1r\u00e1sum. \u00dev\u00ed hafa einstaklingar og fyrirt\u00e6ki \u00feurft a\u00f0 gera vi\u00f0eigandi \u00f6ryggisr\u00e1\u00f0stafanir hj\u00e1 s\u00e9r. Eitt \u00feeirra fyrirt\u00e6kja sem hefur \u00a0s\u00e9rh\u00e6ft sig \u00ed net\u00f6ryggism\u00e1lum er n\u00fdsk\u00f6punarfyrirt\u00e6ki\u00f0 Defend Iceland. Teymi\u00f0 hj\u00e1 Enterprise Europe Network (EEN) er stolt af a\u00f0 hafa veitt a\u00f0sto\u00f0 \u00feannig a\u00f0 fyrirt\u00e6ki\u00f0 var\u00f0 a\u00f0 veruleika. Hugmynd og \u00fatf\u00e6rsla Defend Iceland a\u00f0 b\u00e6ttu net\u00f6ryggi hlaut \u00e1 s\u00ednum t\u00edma 2,6 millj\u00f3n evra styrk \u00far Digital Europe \u00e1\u00e6tluninni og f\u00e9kk ums\u00f3kn \u00feeirra h\u00e6stu m\u00f6gulegu einkunn. EEN-teymi\u00f0 hj\u00e1 Rann\u00eds mun \u00e1fram fylgja fyrirt\u00e6kinu eftir og vonast l\u00edka eftir a\u00f0 \u00e1rangurssaga \u00feeirra (sj\u00e1 myndband h\u00e9r ne\u00f0ar) ver\u00f0i hvatning fyrir a\u00f0ra.\u00a0<\/p><p>Defend Iceland var stofna\u00f0 af Theod\u00f3ri Ragnari G\u00edslasyni \u00e1ri\u00f0 2023. Defend Iceland notar svokalla\u00f0a villuvei\u00f0ig\u00e1tt (e. bug bounty platform) \u00fear sem hei\u00f0arlegir hakkarar og \u00f6ryggiss\u00e9rfr\u00e6\u00f0ingar lei\u00f0a saman krafta s\u00edna \u00ed \u00fev\u00ed skyni a\u00f0 koma \u00ed veg fyrir alvarleg innbrot \u00ed net-, t\u00f6lvu- og hugb\u00fana\u00f0arkerfi fyrirt\u00e6kja og stofnana. Markmi\u00f0i\u00f0 er a\u00f0 umbreyta stafr\u00e6nni \u00f6ryggismenningu \u00e1 \u00cdslandi og b\u00faa til \u00f6ruggara starfr\u00e6nt samf\u00e9lag.\u00a0<\/p><p>Samstarf Defend Iceland og Enterprise Europe Network h\u00f3fst \u00e1\u00f0ur en fyrirt\u00e6ki\u00f0 var stofna\u00f0. R\u00e1\u00f0gj\u00f6fin f\u00f3lst einkum \u00ed lei\u00f0s\u00f6gn var\u00f0andi fj\u00e1rm\u00f6gnun \u00ed gegnum styrkja\u00e1\u00e6tlanir Evr\u00f3pusambandsins og s\u00ed\u00f0ar yfirlestur \u00e1 styrkums\u00f3kninni. Til a\u00f0 a\u00f0sto\u00f0a fyrirt\u00e6ki\u00f0 vi\u00f0 a\u00f0 s\u00fdna fram \u00e1 al\u00fej\u00f3\u00f0lega m\u00f6guleika verkefnisins, hj\u00e1lpu\u00f0u EEN r\u00e1\u00f0gjafarnir \u00feeim a\u00f0 koma \u00e1 sk\u00fdrum tengslum milli \u00feeirra eigin s\u00fdnar og vi\u00f0 evr\u00f3pska og innlenda stefnu var\u00f0andi net\u00f6ryggi.\u00a0<\/p><p>&#8212;&#8212;&#8212;&#8212;&#8212;\u00a0<\/p><p>Enterprise Europe Network \u00e1 \u00cdslandi (EEN) er hluti af \u00feeirri \u00fej\u00f3nustu sem Ranns\u00f3knarmi\u00f0st\u00f6\u00f0 \u00cdslands (Rann\u00eds) veitir og er styrkt af Evr\u00f3pusambandinu.\u202fEEN \u00e1 \u00cdslandi getur a\u00f0sto\u00f0a\u00f0 l\u00edtil og me\u00f0alst\u00f3r fyrirt\u00e6ki, auk h\u00e1sk\u00f3la og opinbera a\u00f0ila, vi\u00f0 a\u00f0 efla samkeppnish\u00e6fni s\u00edna \u00e1 al\u00fej\u00f3\u00f0amarka\u00f0i gegnum st\u00e6rsta vi\u00f0skiptatengslanet heims.\u00a0 Hj\u00e1 netverkinu starfa um 3000 s\u00e9rfr\u00e6\u00f0ingar \u00e1 yfir 450 st\u00f6\u00f0um \u00ed fleiri en 40 l\u00f6ndum og \u00ed \u00f6llum heims\u00e1lfum.\u00a0\u00a0<\/p>\t\t\t\t\t\t\t\t<\/div>\n\t\t\t\t<\/div>\n\t\t\t\t\t<\/div>\n\t\t\t\t<\/div>\n\t\t<div class=\"elementor-element elementor-element-75e826f e-flex e-con-boxed e-con e-parent\" data-id=\"75e826f\" data-element_type=\"container\" data-e-type=\"container\">\n\t\t\t\t\t<div class=\"e-con-inner\">\n\t\t\t\t<div class=\"elementor-element elementor-element-f3c2637 elementor-widget elementor-widget-video\" data-id=\"f3c2637\" data-element_type=\"widget\" data-e-type=\"widget\" data-settings=\"{&quot;youtube_url&quot;:&quot;https:\\\/\\\/www.youtube.com\\\/watch?v=H5y-59NdMx8&amp;t=8s&quot;,&quot;loop&quot;:&quot;yes&quot;,&quot;video_type&quot;:&quot;youtube&quot;,&quot;controls&quot;:&quot;yes&quot;}\" data-widget_type=\"video.default\">\n\t\t\t\t<div class=\"elementor-widget-container\">\n\t\t\t\t\t\t\t<div class=\"elementor-wrapper elementor-open-inline\">\n\t\t\t<div class=\"elementor-video\"><\/div>\t\t<\/div>\n\t\t\t\t\t\t<\/div>\n\t\t\t\t<\/div>\n\t\t\t\t\t<\/div>\n\t\t\t\t<\/div>\n\t\t\t\t<\/div>","protected":false},"excerpt":{"rendered":"<p>\u00cdslenskt samf\u00e9lag hefur ekki fari\u00f0 varhluta af net\u00e1r\u00e1sum. \u00dev\u00ed hafa einstaklingar og fyrirt\u00e6ki \u00feurft a\u00f0 gera vi\u00f0eigandi \u00f6ryggisr\u00e1\u00f0stafanir hj\u00e1 s\u00e9r. Eitt \u00feeirra fyrirt\u00e6kja sem hefur \u00a0s\u00e9rh\u00e6ft sig \u00ed net\u00f6ryggism\u00e1lum er [&hellip;]<\/p>\n","protected":false},"author":4,"featured_media":1770,"comment_status":"closed","ping_status":"closed","sticky":false,"template":"","format":"standard","meta":{"_acf_changed":false,"footnotes":""},"categories":[13],"tags":[25,21,41],"class_list":["post-1772","post","type-post","status-publish","format-standard","has-post-thumbnail","hentry","category-frettir","tag-eencanhelp","tag-innovation","tag-netoryggi"],"acf":[],"_links":{"self":[{"href":"https:\/\/een.is\/en\/wp-json\/wp\/v2\/posts\/1772","targetHints":{"allow":["GET"]}}],"collection":[{"href":"https:\/\/een.is\/en\/wp-json\/wp\/v2\/posts"}],"about":[{"href":"https:\/\/een.is\/en\/wp-json\/wp\/v2\/types\/post"}],"author":[{"embeddable":true,"href":"https:\/\/een.is\/en\/wp-json\/wp\/v2\/users\/4"}],"replies":[{"embeddable":true,"href":"https:\/\/een.is\/en\/wp-json\/wp\/v2\/comments?post=1772"}],"version-history":[{"count":12,"href":"https:\/\/een.is\/en\/wp-json\/wp\/v2\/posts\/1772\/revisions"}],"predecessor-version":[{"id":1791,"href":"https:\/\/een.is\/en\/wp-json\/wp\/v2\/posts\/1772\/revisions\/1791"}],"wp:featuredmedia":[{"embeddable":true,"href":"https:\/\/een.is\/en\/wp-json\/wp\/v2\/media\/1770"}],"wp:attachment":[{"href":"https:\/\/een.is\/en\/wp-json\/wp\/v2\/media?parent=1772"}],"wp:term":[{"taxonomy":"category","embeddable":true,"href":"https:\/\/een.is\/en\/wp-json\/wp\/v2\/categories?post=1772"},{"taxonomy":"post_tag","embeddable":true,"href":"https:\/\/een.is\/en\/wp-json\/wp\/v2\/tags?post=1772"}],"curies":[{"name":"wp","href":"https:\/\/api.w.org\/{rel}","templated":true}]}}