{"id":1765,"date":"2024-08-09T09:19:58","date_gmt":"2024-08-09T09:19:58","guid":{"rendered":"https:\/\/een.is\/?p=1765"},"modified":"2024-08-09T12:10:41","modified_gmt":"2024-08-09T12:10:41","slug":"defend-iceland","status":"publish","type":"post","link":"https:\/\/een.is\/en\/defend-iceland\/","title":{"rendered":"Defend Iceland"},"content":{"rendered":"<div data-elementor-type=\"wp-post\" data-elementor-id=\"1765\" class=\"elementor elementor-1765\" data-elementor-post-type=\"post\">\n\t\t\t\t<div class=\"elementor-element elementor-element-a8c8625 e-flex e-con-boxed e-con e-parent\" data-id=\"a8c8625\" data-element_type=\"container\" data-e-type=\"container\">\n\t\t\t\t\t<div class=\"e-con-inner\">\n\t\t\t\t<div class=\"elementor-element elementor-element-ee50992 elementor-widget elementor-widget-text-editor\" data-id=\"ee50992\" data-element_type=\"widget\" data-e-type=\"widget\" data-widget_type=\"text-editor.default\">\n\t\t\t\t<div class=\"elementor-widget-container\">\n\t\t\t\t\t\t\t\t\t<p>Net\u00f6ryggisfyrirt\u00e6ki\u00f0 Defend Iceland var stofna\u00f0 af Theod\u00f3ri Ragnari G\u00edslasyni \u00e1ri\u00f0 2023. Defend Iceland notar svokalla\u00f0a villuvei\u00f0ig\u00e1tt (e. bug bounty platform) \u00fear sem hei\u00f0arlegir hakkarar og \u00f6ryggiss\u00e9rfr\u00e6\u00f0ingar lei\u00f0a saman krafta s\u00edna \u00ed \u00fev\u00ed skyni a\u00f0 koma \u00ed veg fyrir alvarleg innbrot \u00ed net-, t\u00f6lvu- og hugb\u00fana\u00f0arkerfi fyrirt\u00e6kja og stofnana. Markmi\u00f0i\u00f0 er a\u00f0 umbreyta stafr\u00e6nni \u00f6ryggismenningu \u00e1 \u00cdslandi og b\u00faa til \u00f6ruggara starfr\u00e6nt samf\u00e9lag.<\/p><p>Samstarf Defend Iceland og Enterprise Europe Network h\u00f3fst \u00e1\u00f0ur en fyrirt\u00e6ki\u00f0 var stofna\u00f0. R\u00e1\u00f0gj\u00f6fin f\u00f3lst einkum \u00ed lei\u00f0s\u00f6gn var\u00f0andi fj\u00e1rm\u00f6gnun \u00ed gegnum styrkja\u00e1\u00e6tlanir Evr\u00f3pusambandsins og s\u00ed\u00f0ar yfirlestur \u00e1 styrkums\u00f3kninni. Til a\u00f0 a\u00f0sto\u00f0a fyrirt\u00e6ki\u00f0 vi\u00f0 a\u00f0 s\u00fdna fram \u00e1 al\u00fej\u00f3\u00f0lega m\u00f6guleika verkefnisins, hj\u00e1lpu\u00f0u EEN r\u00e1\u00f0gjafarnir \u00feeim a\u00f0 koma \u00e1 sk\u00fdrum tengslum milli \u00feeirra eigin s\u00fdnar og vi\u00f0 evr\u00f3pska og innlenda stefnu var\u00f0andi net\u00f6ryggi.<\/p><p>Hugmynd og \u00fatf\u00e6rsla Defend Iceland a\u00f0 b\u00e6ttu net\u00f6ryggi hlaut 2,6 millj\u00f3n evra styrk \u00far Digital Europe \u00e1\u00e6tluninni og f\u00e9kk ums\u00f3kn \u00feeirra h\u00e6stu m\u00f6gulegu einkunn. EEN-teymi\u00f0 mun \u00e1fram fylgja fyrirt\u00e6kinu eftir.<\/p>\t\t\t\t\t\t\t\t<\/div>\n\t\t\t\t<\/div>\n\t\t\t\t\t<\/div>\n\t\t\t\t<\/div>\n\t\t<div class=\"elementor-element elementor-element-bec5d73 e-flex e-con-boxed e-con e-parent\" data-id=\"bec5d73\" data-element_type=\"container\" data-e-type=\"container\">\n\t\t\t\t\t<div class=\"e-con-inner\">\n\t\t\t\t<div class=\"elementor-element elementor-element-a8bb6a8 elementor-widget elementor-widget-video\" data-id=\"a8bb6a8\" data-element_type=\"widget\" data-e-type=\"widget\" data-settings=\"{&quot;youtube_url&quot;:&quot;https:\\\/\\\/www.youtube.com\\\/watch?v=H5y-59NdMx8&amp;t=8s&quot;,&quot;loop&quot;:&quot;yes&quot;,&quot;video_type&quot;:&quot;youtube&quot;,&quot;controls&quot;:&quot;yes&quot;}\" data-widget_type=\"video.default\">\n\t\t\t\t<div class=\"elementor-widget-container\">\n\t\t\t\t\t\t\t<div class=\"elementor-wrapper elementor-open-inline\">\n\t\t\t<div class=\"elementor-video\"><\/div>\t\t<\/div>\n\t\t\t\t\t\t<\/div>\n\t\t\t\t<\/div>\n\t\t\t\t\t<\/div>\n\t\t\t\t<\/div>\n\t\t\t\t<\/div>","protected":false},"excerpt":{"rendered":"<p>Net\u00f6ryggisfyrirt\u00e6ki\u00f0 Defend Iceland var stofna\u00f0 af Theod\u00f3ri Ragnari G\u00edslasyni \u00e1ri\u00f0 2023. Defend Iceland notar svokalla\u00f0a villuvei\u00f0ig\u00e1tt (e. bug bounty platform) \u00fear sem hei\u00f0arlegir hakkarar og \u00f6ryggiss\u00e9rfr\u00e6\u00f0ingar lei\u00f0a saman krafta s\u00edna [&hellip;]<\/p>\n","protected":false},"author":4,"featured_media":1770,"comment_status":"closed","ping_status":"closed","sticky":false,"template":"","format":"standard","meta":{"_acf_changed":false,"footnotes":""},"categories":[7],"tags":[25,21,41],"class_list":["post-1765","post","type-post","status-publish","format-standard","has-post-thumbnail","hentry","category-arangurssogur","tag-eencanhelp","tag-innovation","tag-netoryggi"],"acf":[],"_links":{"self":[{"href":"https:\/\/een.is\/en\/wp-json\/wp\/v2\/posts\/1765","targetHints":{"allow":["GET"]}}],"collection":[{"href":"https:\/\/een.is\/en\/wp-json\/wp\/v2\/posts"}],"about":[{"href":"https:\/\/een.is\/en\/wp-json\/wp\/v2\/types\/post"}],"author":[{"embeddable":true,"href":"https:\/\/een.is\/en\/wp-json\/wp\/v2\/users\/4"}],"replies":[{"embeddable":true,"href":"https:\/\/een.is\/en\/wp-json\/wp\/v2\/comments?post=1765"}],"version-history":[{"count":10,"href":"https:\/\/een.is\/en\/wp-json\/wp\/v2\/posts\/1765\/revisions"}],"predecessor-version":[{"id":1794,"href":"https:\/\/een.is\/en\/wp-json\/wp\/v2\/posts\/1765\/revisions\/1794"}],"wp:featuredmedia":[{"embeddable":true,"href":"https:\/\/een.is\/en\/wp-json\/wp\/v2\/media\/1770"}],"wp:attachment":[{"href":"https:\/\/een.is\/en\/wp-json\/wp\/v2\/media?parent=1765"}],"wp:term":[{"taxonomy":"category","embeddable":true,"href":"https:\/\/een.is\/en\/wp-json\/wp\/v2\/categories?post=1765"},{"taxonomy":"post_tag","embeddable":true,"href":"https:\/\/een.is\/en\/wp-json\/wp\/v2\/tags?post=1765"}],"curies":[{"name":"wp","href":"https:\/\/api.w.org\/{rel}","templated":true}]}}