{"id":1720,"date":"2024-05-21T17:58:53","date_gmt":"2024-05-21T17:58:53","guid":{"rendered":"https:\/\/een.is\/?p=1720"},"modified":"2024-08-26T15:36:44","modified_gmt":"2024-08-26T15:36:44","slug":"fyrirtaekjastefnumot-a-islensku-sjavarutvegssyningunni-icefish-2024","status":"publish","type":"post","link":"https:\/\/een.is\/en\/fyrirtaekjastefnumot-a-islensku-sjavarutvegssyningunni-icefish-2024\/","title":{"rendered":"Fyrirt\u00e6kjastefnum\u00f3t \u00e1 \u00cdslensku sj\u00e1var\u00fatvegss\u00fdningunni &#8211; IceFish 2024"},"content":{"rendered":"<div data-elementor-type=\"wp-post\" data-elementor-id=\"1720\" class=\"elementor elementor-1720\" data-elementor-post-type=\"post\">\n\t\t\t\t<div class=\"elementor-element elementor-element-3ac4c05 e-flex e-con-boxed e-con e-parent\" data-id=\"3ac4c05\" data-element_type=\"container\" data-e-type=\"container\">\n\t\t\t\t\t<div class=\"e-con-inner\">\n\t\t\t\t<div class=\"elementor-element elementor-element-a1942f4 elementor-widget elementor-widget-text-editor\" data-id=\"a1942f4\" data-element_type=\"widget\" data-e-type=\"widget\" data-widget_type=\"text-editor.default\">\n\t\t\t\t<div class=\"elementor-widget-container\">\n\t\t\t\t\t\t\t\t\t<p><a href=\"https:\/\/www.worldfishing.net\/islenska-sjavarutvegss%C3%BDningin\" target=\"_blank\" rel=\"noopener\">\u00cdslenska sj\u00e1var\u00fatvegs- og fiskeldiss\u00fdningin<\/a> IceFish 2024 ver\u00f0ur haldin me\u00f0 pomp og prakt h\u00e9r \u00e1 landi dagana 18.-20. september. \u00deetta er \u00ed 14. sinn sem sj\u00e1var\u00fatvegss\u00fdningin er haldin h\u00e9r \u00e1 landi. \u00c1 s\u00fdningunni m\u00e1 me\u00f0al annars sj\u00e1 n\u00fdjustu t\u00e6ki, b\u00fana\u00f0 og \u00fej\u00f3nustu sem sj\u00e1var\u00fatveginum b\u00fd\u00f0st, allt fr\u00e1 fiskileit, vei\u00f0i, vinnslu og p\u00f6kkun, til marka\u00f0ssetningar og dreifingar fullunnar v\u00f6ru.\u00a0<\/p><p>Fyrirt\u00e6kjastefnum\u00f3t ver\u00f0ur \u00ed bo\u00f0i \u00e1 s\u00fdningunni en \u00feau hafa noti\u00f0 vins\u00e6lda \u00e1 undanf\u00f6rnum s\u00fdningum og \u00fea\u00f0 er von okkar a\u00f0 \u00e1rangurinn veri\u00f0 \u00e1fram g\u00f3\u00f0ur. \u00de\u00e1tttakendur hafa mynda\u00f0 n\u00fd og \u00f6flug vi\u00f0skiptatengsl og kanna\u00f0 n\u00fd marka\u00f0st\u00e6kif\u00e6ri.\u00a0 \u00c1 s\u00ed\u00f0ustu s\u00fdningum hafa a\u00f0 me\u00f0altali yfir 90 \u00fe\u00e1tttakendur fr\u00e1 24 l\u00f6ndum teki\u00f0 \u00fe\u00e1tt \u00e1 yfir hundra\u00f0 fundum.<\/p><p>Enterprise Europe Network stendur fyrir \u00feessum vi\u00f0bur\u00f0i innan IceFish-s\u00fdningarinnar og er \u00fe\u00e1tttakendum a\u00f0 kostna\u00f0arlausu.<\/p><p>Fyrirt\u00e6kjastefnum\u00f3ti\u00f0 fer fram fimmtudaginn 19. september \u00ed s\u00fdningarh\u00f6ll 2, \u00ed Sm\u00e1ranum \u00ed K\u00f3pavogi. Nau\u00f0synlegt er a\u00f0 skr\u00e1 sig \u00e1 vi\u00f0bur\u00f0inn. Skr\u00e1ning og frekari uppl\u00fdsingar eru \u00e1 ensku \u00e1 vefs\u00ed\u00f0u fyrirt\u00e6kjastefnum\u00f3tsins: <a href=\"https:\/\/www.b2match.com\/e\/matchmaking-at-icefish-2024\" target=\"_blank\" rel=\"noopener\">Matchmaking at IceFish 2024<\/a><\/p><p><strong>Hvers vegna a\u00f0 taka \u00fe\u00e1tt?<\/strong><br \/>Fyrirt\u00e6kjastefnum\u00f3t er einstakt t\u00e6kif\u00e6ri til a\u00f0 styrkja tengslaneti\u00f0 \u00fevert \u00e1 landam\u00e6ri og kynnast hugsanlegum vi\u00f0skiptaa\u00f0ilum. \u00c1vinningur af \u00fe\u00e1ttt\u00f6ku er:<\/p><ul><li>Aukinn s\u00fdnileiki \u00fe\u00edns fyrirt\u00e6kis<\/li><li>Auki\u00f0 a\u00f0gengi a\u00f0 fj\u00f6lda fyrirt\u00e6kja og hagsmuna\u00f0ilum<\/li><li>Markvissir og fyrirfram skipulag\u00f0ir 20 m\u00edn\u00fatna fundir me\u00f0 hagsmunaa\u00f0ilum<\/li><\/ul><p><strong><br \/>Fyrir hverja er \u00fej\u00f3nustan?<\/strong><br \/>Fyrirt\u00e6kjastefnum\u00f3ti\u00f0 er sni\u00f0i\u00f0 a\u00f0 \u00fe\u00f6rfum fyrirt\u00e6kja, klasah\u00f3pa, al\u00fej\u00f3\u00f0legra lei\u00f0toga og hagsmunaa\u00f0ila \u00e1 svi\u00f0i ranns\u00f3kna og n\u00fdsk\u00f6punar \u00ed sj\u00e1var\u00fatvegi, \u00fear \u00e1 me\u00f0al \u00fatger\u00f0um, fiskeldi, fiskvinnslu, marka\u00f0ssetningu- og dreifingu, sj\u00f3flutningum og \u00fathafssiglingum, og fj\u00f6lm\u00f6rgum \u00f6\u00f0rum.<\/p><p>Fyrirt\u00e6kjastefnum\u00f3ti\u00f0 er skipulagt af Enterprise Europe Network \u00e1 \u00cdslandi, starfr\u00e6kt hj\u00e1 Ranns\u00f3knami\u00f0st\u00f6\u00f0 \u00cdslands-Rann\u00eds, \u00ed samstarfi vi\u00f0 \u00cdslensku sj\u00e1var\u00fatvegs- og fiskeldiss\u00fdninguna.<\/p>\t\t\t\t\t\t\t\t<\/div>\n\t\t\t\t<\/div>\n\t\t\t\t\t<\/div>\n\t\t\t\t<\/div>\n\t\t\t\t<\/div>","protected":false},"excerpt":{"rendered":"<p>\u00cdslenska sj\u00e1var\u00fatvegs- og fiskeldiss\u00fdningin IceFish 2024 ver\u00f0ur haldin me\u00f0 pomp og prakt h\u00e9r \u00e1 landi dagana 18.-20. september. \u00deetta er \u00ed 14. sinn sem sj\u00e1var\u00fatvegss\u00fdningin er haldin h\u00e9r \u00e1 landi. [&hellip;]<\/p>\n","protected":false},"author":4,"featured_media":1735,"comment_status":"closed","ping_status":"closed","sticky":false,"template":"","format":"standard","meta":{"_acf_changed":false,"footnotes":""},"categories":[13],"tags":[24,33],"class_list":["post-1720","post","type-post","status-publish","format-standard","has-post-thumbnail","hentry","category-frettir","tag-b2bmatchmaking","tag-fyrirtaekjastefnumot"],"acf":[],"_links":{"self":[{"href":"https:\/\/een.is\/en\/wp-json\/wp\/v2\/posts\/1720","targetHints":{"allow":["GET"]}}],"collection":[{"href":"https:\/\/een.is\/en\/wp-json\/wp\/v2\/posts"}],"about":[{"href":"https:\/\/een.is\/en\/wp-json\/wp\/v2\/types\/post"}],"author":[{"embeddable":true,"href":"https:\/\/een.is\/en\/wp-json\/wp\/v2\/users\/4"}],"replies":[{"embeddable":true,"href":"https:\/\/een.is\/en\/wp-json\/wp\/v2\/comments?post=1720"}],"version-history":[{"count":15,"href":"https:\/\/een.is\/en\/wp-json\/wp\/v2\/posts\/1720\/revisions"}],"predecessor-version":[{"id":1805,"href":"https:\/\/een.is\/en\/wp-json\/wp\/v2\/posts\/1720\/revisions\/1805"}],"wp:featuredmedia":[{"embeddable":true,"href":"https:\/\/een.is\/en\/wp-json\/wp\/v2\/media\/1735"}],"wp:attachment":[{"href":"https:\/\/een.is\/en\/wp-json\/wp\/v2\/media?parent=1720"}],"wp:term":[{"taxonomy":"category","embeddable":true,"href":"https:\/\/een.is\/en\/wp-json\/wp\/v2\/categories?post=1720"},{"taxonomy":"post_tag","embeddable":true,"href":"https:\/\/een.is\/en\/wp-json\/wp\/v2\/tags?post=1720"}],"curies":[{"name":"wp","href":"https:\/\/api.w.org\/{rel}","templated":true}]}}