{"id":1702,"date":"2024-05-12T17:07:23","date_gmt":"2024-05-12T17:07:23","guid":{"rendered":"https:\/\/een.is\/?p=1702"},"modified":"2024-05-12T17:12:25","modified_gmt":"2024-05-12T17:12:25","slug":"nyskopunarvika","status":"publish","type":"post","link":"https:\/\/een.is\/en\/nyskopunarvika\/","title":{"rendered":"N\u00fdsk\u00f6punarvikan 2024"},"content":{"rendered":"<div data-elementor-type=\"wp-post\" data-elementor-id=\"1702\" class=\"elementor elementor-1702\" data-elementor-post-type=\"post\">\n\t\t\t\t<div class=\"elementor-element elementor-element-48503a1 e-flex e-con-boxed e-con e-parent\" data-id=\"48503a1\" data-element_type=\"container\" data-e-type=\"container\">\n\t\t\t\t\t<div class=\"e-con-inner\">\n\t\t\t\t<div class=\"elementor-element elementor-element-e6ef9fe elementor-widget elementor-widget-text-editor\" data-id=\"e6ef9fe\" data-element_type=\"widget\" data-e-type=\"widget\" data-widget_type=\"text-editor.default\">\n\t\t\t\t<div class=\"elementor-widget-container\">\n\t\t\t\t\t\t\t\t\t<div class=\"summary\"><p>N\u00fdsk\u00f6punarvikan 2024 fer fram dagana 14.-16. ma\u00ed.<\/p><p><a class=\"secure external\" title=\"Enterprise Europe Network (Opnast \u00ed n\u00fdjum vafraglugga)\" href=\"https:\/\/een.is\/en\/\" target=\"_blank\" rel=\"noopener\">Enterprise Europe Network\u00a0 og<\/a>\u00a0<a class=\"internal secure\" href=\"https:\/\/www.rannis.is\/sjodir\/rannsoknir\/taeknithrounarsjodur\/\" target=\"_blank\" rel=\"noopener\">T\u00e6kni\u00fer\u00f3unarsj\u00f3\u00f0ur\u00a0<\/a>bj\u00f3\u00f0a til h\u00e1degisvi\u00f0bur\u00f0ar undir yfirskriftinni \u201eThe Innovative Globetrotter\u201c sem myndi \u00fatleggjast \u00e1 \u00edslensku sem \u201eSkapandi heimshornaflakkarinn\u201c.<\/p><\/div><p><span id=\"tmp_1714872578974_6\"><strong>Vi\u00f0bur\u00f0urinn fer fram \u00e1 ensku og hefst klukkan 11:30.<\/strong><\/span><\/p><p>\u00c1 \u00feessum vi\u00f0bur\u00f0i munu gestir me\u00f0al annars heyra fr\u00e1 a\u00f0ilum \u00far n\u00fdsk\u00f6punargeiranum sem hafa teki\u00f0 skrefi\u00f0 \u00fat fyrir landsteinanna me\u00f0 stu\u00f0ningi \u00ed gegnum Rann\u00eds.\u00a0 Fjalla\u00f0 ver\u00f0ur um fj\u00e1rm\u00f6gnun, hvar er h\u00e6gt a\u00f0 finna r\u00e9ttu styrkina og hva\u00f0a \u00fej\u00f3nusta er \u00ed bo\u00f0i handa fyrirt\u00e6kjum sem vilja n\u00e1 lengra. S\u00e9rfr\u00e6\u00f0ingar fr\u00e1 Rann\u00eds ver\u00f0a \u00e1 sv\u00e6\u00f0inu og kynna m.a. Eurostars, Innowwide, Digital Europe og Enterprise Europe Network.<\/p><p>Vi\u00f0bur\u00f0urinn er skipulag\u00f0ur \u00ed samstarfi vi\u00f0\u00a0<a class=\"secure external\" title=\"N\u00fdsk\u00f6punarviku \u00cdslands (Opnast \u00ed n\u00fdjum vafraglugga)\" href=\"https:\/\/www.innovationweek.is\/wednesday\/tknirunarsjur-een-the-innovative-globetrotter\" target=\"_blank\" rel=\"noopener\">N\u00fdsk\u00f6punarviku \u00cdslands\u00a0<\/a> og er haldinn \u00ed Pop-up r\u00fdmi (Regnboga) N\u00fdsk\u00f6punarvikunnar \u00e1 Hafnartorgi.<\/p><p>Bo\u00f0i\u00f0 ver\u00f0ur upp \u00e1 l\u00e9ttan h\u00e1degisver\u00f0 og \u00ed lokin brj\u00f3tum vi\u00f0 upp dagskr\u00e1rformi\u00f0 og kitlum hl\u00e1turtaugarnar me\u00f0 s\u00e9rst\u00f6kum gesti.<\/p><p>Vi\u00f0bur\u00f0urinn er opinn \u00f6llum sem hafa \u00e1huga \u00e1 n\u00fdsk\u00f6pun \u00ed \u00edslensku samf\u00e9lagi og vilja fr\u00e6\u00f0ast um t\u00e6kif\u00e6ri \u00e1 erlendri grundu.<\/p><h3>Dagskr\u00e1<\/h3><ul><li>11:30 Velkomin \u2013 <strong>Mj\u00f6ll Waldorff<\/strong>, s\u00e9rfr\u00e6\u00f0ingur hj\u00e1 Rann\u00eds<\/li><li>11:40 Geosilica \u2013 <strong>Fida Abu Libdeh<\/strong> framkv\u00e6mdast\u00fdra og stofnandi<\/li><li>11:50 Digital Europe \u2013 <strong>Sig\u00fer\u00fa\u00f0ur Gu\u00f0nad\u00f3ttir<\/strong>, s\u00e9rfr\u00e6\u00f0ingur hj\u00e1 Rann\u00eds<\/li><li>12:00 Defent Iceland \u2013 <strong>The\u00f3d\u00f3r Ragnar G\u00edslason<\/strong>, framkv\u00e6mdastj\u00f3ri og stofnandi<\/li><li>12:10 Uppistand \u2013 <strong>Snj\u00f3laug L\u00fa\u00f0v\u00edksd\u00f3ttir<\/strong><\/li><li>12:30 Vi\u00f0bur\u00f0i l\u00fdkur<\/li><\/ul><p>\u00de\u00e1 ver\u00f0ur s\u00fdningarb\u00e1s fr\u00e1 Rann\u00eds \u00e1 s\u00fdningarsv\u00e6\u00f0i N\u00fdsk\u00f6punarvikunnar \u00ed Kolaportinu, \u00fear sem t\u00e6kif\u00e6ri \u00e1 svi\u00f0i n\u00fdsk\u00f6punar ver\u00f0a \u00ed forgrunni.<\/p><p>Hl\u00f6kkum til a\u00f0 hitta ykkur!<\/p>\t\t\t\t\t\t\t\t<\/div>\n\t\t\t\t<\/div>\n\t\t\t\t\t<\/div>\n\t\t\t\t<\/div>\n\t\t\t\t<\/div>","protected":false},"excerpt":{"rendered":"<p>N\u00fdsk\u00f6punarvikan 2024 fer fram dagana 14.-16. ma\u00ed. Enterprise Europe Network\u00a0 og\u00a0T\u00e6kni\u00fer\u00f3unarsj\u00f3\u00f0ur\u00a0bj\u00f3\u00f0a til h\u00e1degisvi\u00f0bur\u00f0ar undir yfirskriftinni \u201eThe Innovative Globetrotter\u201c sem myndi \u00fatleggjast \u00e1 \u00edslensku sem \u201eSkapandi heimshornaflakkarinn\u201c. Vi\u00f0bur\u00f0urinn fer fram \u00e1 [&hellip;]<\/p>\n","protected":false},"author":4,"featured_media":1537,"comment_status":"closed","ping_status":"closed","sticky":false,"template":"","format":"standard","meta":{"_acf_changed":false,"footnotes":""},"categories":[13],"tags":[],"class_list":["post-1702","post","type-post","status-publish","format-standard","has-post-thumbnail","hentry","category-frettir"],"acf":[],"_links":{"self":[{"href":"https:\/\/een.is\/en\/wp-json\/wp\/v2\/posts\/1702","targetHints":{"allow":["GET"]}}],"collection":[{"href":"https:\/\/een.is\/en\/wp-json\/wp\/v2\/posts"}],"about":[{"href":"https:\/\/een.is\/en\/wp-json\/wp\/v2\/types\/post"}],"author":[{"embeddable":true,"href":"https:\/\/een.is\/en\/wp-json\/wp\/v2\/users\/4"}],"replies":[{"embeddable":true,"href":"https:\/\/een.is\/en\/wp-json\/wp\/v2\/comments?post=1702"}],"version-history":[{"count":4,"href":"https:\/\/een.is\/en\/wp-json\/wp\/v2\/posts\/1702\/revisions"}],"predecessor-version":[{"id":1706,"href":"https:\/\/een.is\/en\/wp-json\/wp\/v2\/posts\/1702\/revisions\/1706"}],"wp:featuredmedia":[{"embeddable":true,"href":"https:\/\/een.is\/en\/wp-json\/wp\/v2\/media\/1537"}],"wp:attachment":[{"href":"https:\/\/een.is\/en\/wp-json\/wp\/v2\/media?parent=1702"}],"wp:term":[{"taxonomy":"category","embeddable":true,"href":"https:\/\/een.is\/en\/wp-json\/wp\/v2\/categories?post=1702"},{"taxonomy":"post_tag","embeddable":true,"href":"https:\/\/een.is\/en\/wp-json\/wp\/v2\/tags?post=1702"}],"curies":[{"name":"wp","href":"https:\/\/api.w.org\/{rel}","templated":true}]}}