{"id":2352,"global_id":"een.is\/en?id=2352","global_id_lineage":["een.is\/en?id=2352"],"author":"4","status":"publish","date":"2026-01-09 14:41:44","date_utc":"2026-01-09 14:41:44","modified":"2026-01-14 09:26:27","modified_utc":"2026-01-14 09:26:27","url":"https:\/\/een.is\/en\/event\/taeknithrounarsjodur-opid-yfir-umsoknir\/","rest_url":"https:\/\/een.is\/en\/wp-json\/tribe\/events\/v1\/events\/2352","title":"T\u00e6kni\u00fer\u00f3unarsj\u00f3\u00f0ur &#8211; opi\u00f0 yfir ums\u00f3knir","description":"<p>Opna\u00f0 fyrir ums\u00f3knir \u00ed styrktarflokkunum\u202f Sproti,\u202fV\u00f6xtur og Marka\u00f0ur og Hagn\u00fdt ranns\u00f3knarverkefni hj\u00e1 T\u00e6kni\u00fer\u00f3unarsj\u00f3\u00f0i.<\/p>\n<p>Ums\u00f3knarfrestur rennur \u00fat m\u00e1nudaginn 16. febr\u00faar klukkan 15:00 \u00ed \u00f6llum flokkum.<\/p>","excerpt":"","slug":"taeknithrounarsjodur-opid-yfir-umsoknir","image":false,"all_day":false,"start_date":"2026-01-05 00:00:00","start_date_details":{"year":"2026","month":"01","day":"05","hour":"00","minutes":"00","seconds":"00"},"end_date":"2026-02-16 15:00:00","end_date_details":{"year":"2026","month":"02","day":"16","hour":"15","minutes":"00","seconds":"00"},"utc_start_date":"2026-01-05 00:00:00","utc_start_date_details":{"year":"2026","month":"01","day":"05","hour":"00","minutes":"00","seconds":"00"},"utc_end_date":"2026-02-16 15:00:00","utc_end_date_details":{"year":"2026","month":"02","day":"16","hour":"15","minutes":"00","seconds":"00"},"timezone":"Atlantic\/Reykjavik","timezone_abbr":"GMT","cost":"","cost_details":{"currency_symbol":"$","currency_code":"USD","currency_position":"prefix","values":[]},"website":"https:\/\/island.is\/s\/rannis\/frett\/taeknithrounarsjodur-auglysir-eftir-umsoknum-2026","show_map":false,"show_map_link":false,"hide_from_listings":false,"sticky":false,"featured":false,"categories":[],"tags":[],"venue":[],"organizer":[{"id":2351,"author":"4","status":"publish","date":"2026-01-09 14:35:42","date_utc":"2026-01-09 14:35:42","modified":"2026-01-09 14:35:42","modified_utc":"2026-01-09 14:35:42","url":"https:\/\/een.is\/en\/organiser\/rannis\/","organizer":"Rann\u00eds","slug":"rannis","website":"https:\/\/island.is\/s\/rannis","json_ld":{"@type":"Person","name":"Rann\u00eds","description":"","url":"https:\/\/island.is\/s\/rannis","telephone":"","email":"","sameAs":"https:\/\/island.is\/s\/rannis"},"global_id":"een.is\/en?id=2351","global_id_lineage":["een.is\/en?id=2351"]}],"custom_fields":[],"json_ld":{"@context":"http:\/\/schema.org","@type":"Event","name":"T\u00e6kni\u00fer\u00f3unarsj\u00f3\u00f0ur &#8211; opi\u00f0 yfir ums\u00f3knir","description":"&lt;p&gt;Opna\u00f0 fyrir ums\u00f3knir \u00ed styrktarflokkunum\u202f Sproti,\u202fV\u00f6xtur og Marka\u00f0ur og Hagn\u00fdt ranns\u00f3knarverkefni hj\u00e1 T\u00e6kni\u00fer\u00f3unarsj\u00f3\u00f0i. Ums\u00f3knarfrestur rennur \u00fat m\u00e1nudaginn 16. febr\u00faar klukkan 15:00 \u00ed \u00f6llum flokkum.&lt;\/p&gt;\\n","url":"https:\/\/een.is\/en\/event\/taeknithrounarsjodur-opid-yfir-umsoknir\/","eventAttendanceMode":"https:\/\/schema.org\/OfflineEventAttendanceMode","eventStatus":"https:\/\/schema.org\/EventScheduled","startDate":"2026-01-05T00:00:00+00:00","endDate":"2026-02-16T15:00:00+00:00","organizer":{"@type":"Person","name":"Rann\u00eds","description":"","url":"https:\/\/island.is\/s\/rannis","telephone":"","email":"","sameAs":"https:\/\/island.is\/s\/rannis"},"performer":"Organization"}}